{"id":5597,"date":"2021-05-03T17:00:13","date_gmt":"2021-05-03T15:00:13","guid":{"rendered":"https:\/\/berlin-laeuft.de\/s25berlin\/?p=5597"},"modified":"2021-05-03T17:00:13","modified_gmt":"2021-05-03T15:00:13","slug":"heute-vor-40-jahren-eine-bewegung-erobert-berlin","status":"publish","type":"post","link":"https:\/\/berlin-laeuft.de\/s25berlin\/heute-vor-40-jahren-eine-bewegung-erobert-berlin\/","title":{"rendered":"Heute vor 40 Jahren \u2013 eine Bewegung erobert Berlin"},"content":{"rendered":"\n<p><em>Deutschlands \u00e4ltester City-Lauf am 3. Mai 1981 erstmals veranstaltet <\/em><\/p>\n\n\n\n<p><strong>BERLIN. Vor 40 Jahren f\u00e4llt in Berlin der Startschuss f\u00fcr die Laufbewegung in deutschen St\u00e4dten: Am 3. Mai 1981 wird mit dem \u201e25 km de Berlin\u201c der erste Citylauf in Deutschland veranstaltet. Das Jubil\u00e4um soll trotz der herausfordernden Zeiten 2021 gefeiert werden: Am 10. Oktober verwandelt die 40. Auflage des S 25 Berlin, wie der beliebte Lauf mittlerweile hei\u00dft, das Herz der Hauptstadt wieder in eine unvergessliche Sightseeing-Tour f\u00fcr Spitzen- und Hobbyl\u00e4ufer.<\/strong><\/p>\n\n\n\n<p>\u201eWir haben den Lauf von dem traditionellen Termin Anfang Mai in den Herbst verlegt, um die Veranstaltung m\u00f6glich zu machen. Wir wollen mit der Terminierung in der zweiten Jahresh\u00e4lfte ein positives Zeichen f\u00fcr den Sport setzen und allen eine realistische Perspektive und Vorfreude bieten\u201c, erkl\u00e4rt Martin Seeber, der seit diesem Jahr mit der TOP Sportevents GmbH die beliebte Serie \u201eBerlin l\u00e4uft!\u201c organisiert. \u201eAngesichts der j\u00fcngsten Nachrichten sind wir optimistisch, dass wir den 40. Geburtstag dieses besonderen Laufs auf den Stra\u00dfen Berlins und im Berliner Olympiastadion feiern k\u00f6nnen. Wir stehen im st\u00e4ndigen Austausch mit den verantwortlichen Beh\u00f6rden und werden selbstverst\u00e4ndlich unser detailliertes Hygienekonzept des S 25 Berlin an die aktuellen Rahmenbedingungen anpassen.\u201c<\/p>\n\n\n\n<p>Angeboten werden Strecken \u00fcber 10 Kilometer, die Halbmarathon-Distanz, die traditionellen 25 Kilometer sowie ein Staffel-Wettbewerb f\u00fcr Teams (5 x 5 Kilometer) und ein Kinderlauf. Die Sportlerinnen und Sportler starten am Olympiastadion und laufen \u2013 nach den \u201eStationen\u201c Siegess\u00e4ule, Brandenburger Tor, Deutscher und Franz\u00f6sischer Dom, Potsdamer Platz, Kurf\u00fcrstendamm, Kaiser-Wilhelm-Ged\u00e4chtniskirche und Funkturm \u2013 auf der ber\u00fchmten blauen Bahn im Olympiastadion ins Ziel.<\/p>\n\n\n\n<p>Laufbegeisterte k\u00f6nnen sich f\u00fcr den S 25 Berlin <strong><a href=\"https:\/\/berlin-laeuft.de\/s25berlin\/\" target=\"_blank\" rel=\"noreferrer noopener\">online anmelden<\/a><\/strong>.<\/p>\n\n\n\n<p>Erstmals hatten die L\u00e4uferinnen und L\u00e4ufer am 3. Mai 1981 die Stra\u00dfen der Metropole erobert \u2013 die franz\u00f6sischen Alliierten in Berlin veranstalteten die \u201e25 km de Berlin\u201c und wurden so zum Wegbereiter deutscher Cityl\u00e4ufe. Der Startpunkt des Rennens ist seit der Premiere 1981 stets der Olympische Platz \u2013 und das Ziel das Berliner Olympiastadion. Durchs Marathontor geht es auf den letzten Metern \u00fcber die ber\u00fchmte blaue Bahn.&nbsp;<\/p>\n\n\n\n<p>Der franz\u00f6sische Major Jaques Bride hatte einst die Idee f\u00fcr einen 25-Kilometer-Lauf mitten in der Stadt. Die franz\u00f6sischen Alliierten wollten 1981 mit dem Rennen ihre freundschaftliche Verbundenheit zur Berliner Bev\u00f6lkerung dokumentieren. Die Premiere war mit \u00fcber 3.000 Teilnehmerinnen und Teilnehmern ein gro\u00dfer Erfolg.<\/p>\n","protected":false},"excerpt":{"rendered":"<p>Deutschlands \u00e4ltester City-Lauf am 3. Mai 1981 erstmals veranstaltet BERLIN. Vor 40 Jahren f\u00e4llt in Berlin der Startschuss f\u00fcr die Laufbewegung in deutschen St\u00e4dten: Am 3. Mai 1981 wird mit dem \u201e25 km de Berlin\u201c der erste Citylauf in Deutschland veranstaltet. Das Jubil\u00e4um soll trotz der herausfordernden Zeiten 2021 gefeiert werden: Am 10. Oktober verwandelt [&hellip;]<\/p>\n","protected":false},"author":1,"featured_media":5598,"comment_status":"closed","ping_status":"closed","sticky":true,"template":"","format":"standard","meta":{"_et_pb_use_builder":"","_et_pb_old_content":"","_et_gb_content_width":"","footnotes":""},"categories":[12,13],"tags":[],"class_list":["post-5597","post","type-post","status-publish","format-standard","has-post-thumbnail","hentry","category-news","category-uncategorised"],"yoast_head":"<!-- This site is optimized with the Yoast SEO plugin v27.5 - https:\/\/yoast.com\/product\/yoast-seo-wordpress\/ -->\n<title>S25 Berlin | Heute vor 40 Jahren \u2013 eine Bewegung erobert Berlin<\/title>\n<meta name=\"robots\" content=\"index, follow, max-snippet:-1, max-image-preview:large, max-video-preview:-1\" \/>\n<link rel=\"canonical\" href=\"https:\/\/berlin-laeuft.de\/s25berlin\/heute-vor-40-jahren-eine-bewegung-erobert-berlin\/\" \/>\n<meta property=\"og:locale\" content=\"en_US\" \/>\n<meta property=\"og:type\" content=\"article\" \/>\n<meta property=\"og:title\" content=\"S25 Berlin | Heute vor 40 Jahren \u2013 eine Bewegung erobert Berlin\" \/>\n<meta property=\"og:description\" content=\"Deutschlands \u00e4ltester City-Lauf am 3. Mai 1981 erstmals veranstaltet BERLIN. Vor 40 Jahren f\u00e4llt in Berlin der Startschuss f\u00fcr die Laufbewegung in deutschen St\u00e4dten: Am 3. Mai 1981 wird mit dem \u201e25 km de Berlin\u201c der erste Citylauf in Deutschland veranstaltet. Das Jubil\u00e4um soll trotz der herausfordernden Zeiten 2021 gefeiert werden: Am 10. Oktober verwandelt [&hellip;]\" \/>\n<meta property=\"og:url\" content=\"https:\/\/berlin-laeuft.de\/s25berlin\/heute-vor-40-jahren-eine-bewegung-erobert-berlin\/\" \/>\n<meta property=\"og:site_name\" content=\"S25 Berlin\" \/>\n<meta property=\"article:published_time\" content=\"2021-05-03T15:00:13+00:00\" \/>\n<meta name=\"author\" content=\"berlinrun\" \/>\n<meta name=\"twitter:card\" content=\"summary_large_image\" \/>\n<meta name=\"twitter:label1\" content=\"Written by\" \/>\n\t<meta name=\"twitter:data1\" content=\"berlinrun\" \/>\n\t<meta name=\"twitter:label2\" content=\"Est. reading time\" \/>\n\t<meta name=\"twitter:data2\" content=\"2 minutes\" \/>\n<script type=\"application\/ld+json\" class=\"yoast-schema-graph\">{\"@context\":\"https:\\\/\\\/schema.org\",\"@graph\":[{\"@type\":\"Article\",\"@id\":\"https:\\\/\\\/berlin-laeuft.de\\\/s25berlin\\\/heute-vor-40-jahren-eine-bewegung-erobert-berlin\\\/#article\",\"isPartOf\":{\"@id\":\"https:\\\/\\\/berlin-laeuft.de\\\/s25berlin\\\/heute-vor-40-jahren-eine-bewegung-erobert-berlin\\\/\"},\"author\":{\"name\":\"berlinrun\",\"@id\":\"https:\\\/\\\/berlin-laeuft.de\\\/s25berlin\\\/#\\\/schema\\\/person\\\/808ee79aa5c25c64bb7d210fc460e9ca\"},\"headline\":\"Heute vor 40 Jahren \u2013 eine Bewegung erobert Berlin\",\"datePublished\":\"2021-05-03T15:00:13+00:00\",\"mainEntityOfPage\":{\"@id\":\"https:\\\/\\\/berlin-laeuft.de\\\/s25berlin\\\/heute-vor-40-jahren-eine-bewegung-erobert-berlin\\\/\"},\"wordCount\":390,\"publisher\":{\"@id\":\"https:\\\/\\\/berlin-laeuft.de\\\/s25berlin\\\/#organization\"},\"image\":{\"@id\":\"https:\\\/\\\/berlin-laeuft.de\\\/s25berlin\\\/heute-vor-40-jahren-eine-bewegung-erobert-berlin\\\/#primaryimage\"},\"thumbnailUrl\":\"\",\"articleSection\":[\"News\",\"Uncategorised\"],\"inLanguage\":\"en-US\"},{\"@type\":\"WebPage\",\"@id\":\"https:\\\/\\\/berlin-laeuft.de\\\/s25berlin\\\/heute-vor-40-jahren-eine-bewegung-erobert-berlin\\\/\",\"url\":\"https:\\\/\\\/berlin-laeuft.de\\\/s25berlin\\\/heute-vor-40-jahren-eine-bewegung-erobert-berlin\\\/\",\"name\":\"S25 Berlin | Heute vor 40 Jahren \u2013 eine Bewegung erobert Berlin\",\"isPartOf\":{\"@id\":\"https:\\\/\\\/berlin-laeuft.de\\\/s25berlin\\\/#website\"},\"primaryImageOfPage\":{\"@id\":\"https:\\\/\\\/berlin-laeuft.de\\\/s25berlin\\\/heute-vor-40-jahren-eine-bewegung-erobert-berlin\\\/#primaryimage\"},\"image\":{\"@id\":\"https:\\\/\\\/berlin-laeuft.de\\\/s25berlin\\\/heute-vor-40-jahren-eine-bewegung-erobert-berlin\\\/#primaryimage\"},\"thumbnailUrl\":\"\",\"datePublished\":\"2021-05-03T15:00:13+00:00\",\"breadcrumb\":{\"@id\":\"https:\\\/\\\/berlin-laeuft.de\\\/s25berlin\\\/heute-vor-40-jahren-eine-bewegung-erobert-berlin\\\/#breadcrumb\"},\"inLanguage\":\"en-US\",\"potentialAction\":[{\"@type\":\"ReadAction\",\"target\":[\"https:\\\/\\\/berlin-laeuft.de\\\/s25berlin\\\/heute-vor-40-jahren-eine-bewegung-erobert-berlin\\\/\"]}]},{\"@type\":\"ImageObject\",\"inLanguage\":\"en-US\",\"@id\":\"https:\\\/\\\/berlin-laeuft.de\\\/s25berlin\\\/heute-vor-40-jahren-eine-bewegung-erobert-berlin\\\/#primaryimage\",\"url\":\"\",\"contentUrl\":\"\"},{\"@type\":\"BreadcrumbList\",\"@id\":\"https:\\\/\\\/berlin-laeuft.de\\\/s25berlin\\\/heute-vor-40-jahren-eine-bewegung-erobert-berlin\\\/#breadcrumb\",\"itemListElement\":[{\"@type\":\"ListItem\",\"position\":1,\"name\":\"Startseite\",\"item\":\"https:\\\/\\\/berlin-laeuft.de\\\/s25berlin\\\/\"},{\"@type\":\"ListItem\",\"position\":2,\"name\":\"Heute vor 40 Jahren \u2013 eine Bewegung erobert Berlin\"}]},{\"@type\":\"WebSite\",\"@id\":\"https:\\\/\\\/berlin-laeuft.de\\\/s25berlin\\\/#website\",\"url\":\"https:\\\/\\\/berlin-laeuft.de\\\/s25berlin\\\/\",\"name\":\"S25 Berlin\",\"description\":\"\",\"publisher\":{\"@id\":\"https:\\\/\\\/berlin-laeuft.de\\\/s25berlin\\\/#organization\"},\"potentialAction\":[{\"@type\":\"SearchAction\",\"target\":{\"@type\":\"EntryPoint\",\"urlTemplate\":\"https:\\\/\\\/berlin-laeuft.de\\\/s25berlin\\\/?s={search_term_string}\"},\"query-input\":{\"@type\":\"PropertyValueSpecification\",\"valueRequired\":true,\"valueName\":\"search_term_string\"}}],\"inLanguage\":\"en-US\"},{\"@type\":\"Organization\",\"@id\":\"https:\\\/\\\/berlin-laeuft.de\\\/s25berlin\\\/#organization\",\"name\":\"S25 Berlin\",\"url\":\"https:\\\/\\\/berlin-laeuft.de\\\/s25berlin\\\/\",\"logo\":{\"@type\":\"ImageObject\",\"inLanguage\":\"en-US\",\"@id\":\"https:\\\/\\\/berlin-laeuft.de\\\/s25berlin\\\/#\\\/schema\\\/logo\\\/image\\\/\",\"url\":\"https:\\\/\\\/berlin-laeuft.de\\\/s25berlin\\\/wp-content\\\/uploads\\\/sites\\\/2\\\/logos\\\/s25-logo.svg\",\"contentUrl\":\"https:\\\/\\\/berlin-laeuft.de\\\/s25berlin\\\/wp-content\\\/uploads\\\/sites\\\/2\\\/logos\\\/s25-logo.svg\",\"width\":1,\"height\":1,\"caption\":\"S25 Berlin\"},\"image\":{\"@id\":\"https:\\\/\\\/berlin-laeuft.de\\\/s25berlin\\\/#\\\/schema\\\/logo\\\/image\\\/\"}},{\"@type\":\"Person\",\"@id\":\"https:\\\/\\\/berlin-laeuft.de\\\/s25berlin\\\/#\\\/schema\\\/person\\\/808ee79aa5c25c64bb7d210fc460e9ca\",\"name\":\"berlinrun\",\"sameAs\":[\"https:\\\/\\\/berlinrun.wpengine.com\"],\"url\":\"https:\\\/\\\/berlin-laeuft.de\\\/s25berlin\\\/author\\\/berlinrun\\\/\"}]}<\/script>\n<!-- \/ Yoast SEO plugin. -->","yoast_head_json":{"title":"S25 Berlin | Heute vor 40 Jahren \u2013 eine Bewegung erobert Berlin","robots":{"index":"index","follow":"follow","max-snippet":"max-snippet:-1","max-image-preview":"max-image-preview:large","max-video-preview":"max-video-preview:-1"},"canonical":"https:\/\/berlin-laeuft.de\/s25berlin\/heute-vor-40-jahren-eine-bewegung-erobert-berlin\/","og_locale":"en_US","og_type":"article","og_title":"S25 Berlin | Heute vor 40 Jahren \u2013 eine Bewegung erobert Berlin","og_description":"Deutschlands \u00e4ltester City-Lauf am 3. Mai 1981 erstmals veranstaltet BERLIN. Vor 40 Jahren f\u00e4llt in Berlin der Startschuss f\u00fcr die Laufbewegung in deutschen St\u00e4dten: Am 3. Mai 1981 wird mit dem \u201e25 km de Berlin\u201c der erste Citylauf in Deutschland veranstaltet. Das Jubil\u00e4um soll trotz der herausfordernden Zeiten 2021 gefeiert werden: Am 10. Oktober verwandelt [&hellip;]","og_url":"https:\/\/berlin-laeuft.de\/s25berlin\/heute-vor-40-jahren-eine-bewegung-erobert-berlin\/","og_site_name":"S25 Berlin","article_published_time":"2021-05-03T15:00:13+00:00","author":"berlinrun","twitter_card":"summary_large_image","twitter_misc":{"Written by":"berlinrun","Est. reading time":"2 minutes"},"schema":{"@context":"https:\/\/schema.org","@graph":[{"@type":"Article","@id":"https:\/\/berlin-laeuft.de\/s25berlin\/heute-vor-40-jahren-eine-bewegung-erobert-berlin\/#article","isPartOf":{"@id":"https:\/\/berlin-laeuft.de\/s25berlin\/heute-vor-40-jahren-eine-bewegung-erobert-berlin\/"},"author":{"name":"berlinrun","@id":"https:\/\/berlin-laeuft.de\/s25berlin\/#\/schema\/person\/808ee79aa5c25c64bb7d210fc460e9ca"},"headline":"Heute vor 40 Jahren \u2013 eine Bewegung erobert Berlin","datePublished":"2021-05-03T15:00:13+00:00","mainEntityOfPage":{"@id":"https:\/\/berlin-laeuft.de\/s25berlin\/heute-vor-40-jahren-eine-bewegung-erobert-berlin\/"},"wordCount":390,"publisher":{"@id":"https:\/\/berlin-laeuft.de\/s25berlin\/#organization"},"image":{"@id":"https:\/\/berlin-laeuft.de\/s25berlin\/heute-vor-40-jahren-eine-bewegung-erobert-berlin\/#primaryimage"},"thumbnailUrl":"","articleSection":["News","Uncategorised"],"inLanguage":"en-US"},{"@type":"WebPage","@id":"https:\/\/berlin-laeuft.de\/s25berlin\/heute-vor-40-jahren-eine-bewegung-erobert-berlin\/","url":"https:\/\/berlin-laeuft.de\/s25berlin\/heute-vor-40-jahren-eine-bewegung-erobert-berlin\/","name":"S25 Berlin | Heute vor 40 Jahren \u2013 eine Bewegung erobert Berlin","isPartOf":{"@id":"https:\/\/berlin-laeuft.de\/s25berlin\/#website"},"primaryImageOfPage":{"@id":"https:\/\/berlin-laeuft.de\/s25berlin\/heute-vor-40-jahren-eine-bewegung-erobert-berlin\/#primaryimage"},"image":{"@id":"https:\/\/berlin-laeuft.de\/s25berlin\/heute-vor-40-jahren-eine-bewegung-erobert-berlin\/#primaryimage"},"thumbnailUrl":"","datePublished":"2021-05-03T15:00:13+00:00","breadcrumb":{"@id":"https:\/\/berlin-laeuft.de\/s25berlin\/heute-vor-40-jahren-eine-bewegung-erobert-berlin\/#breadcrumb"},"inLanguage":"en-US","potentialAction":[{"@type":"ReadAction","target":["https:\/\/berlin-laeuft.de\/s25berlin\/heute-vor-40-jahren-eine-bewegung-erobert-berlin\/"]}]},{"@type":"ImageObject","inLanguage":"en-US","@id":"https:\/\/berlin-laeuft.de\/s25berlin\/heute-vor-40-jahren-eine-bewegung-erobert-berlin\/#primaryimage","url":"","contentUrl":""},{"@type":"BreadcrumbList","@id":"https:\/\/berlin-laeuft.de\/s25berlin\/heute-vor-40-jahren-eine-bewegung-erobert-berlin\/#breadcrumb","itemListElement":[{"@type":"ListItem","position":1,"name":"Startseite","item":"https:\/\/berlin-laeuft.de\/s25berlin\/"},{"@type":"ListItem","position":2,"name":"Heute vor 40 Jahren \u2013 eine Bewegung erobert Berlin"}]},{"@type":"WebSite","@id":"https:\/\/berlin-laeuft.de\/s25berlin\/#website","url":"https:\/\/berlin-laeuft.de\/s25berlin\/","name":"S25 Berlin","description":"","publisher":{"@id":"https:\/\/berlin-laeuft.de\/s25berlin\/#organization"},"potentialAction":[{"@type":"SearchAction","target":{"@type":"EntryPoint","urlTemplate":"https:\/\/berlin-laeuft.de\/s25berlin\/?s={search_term_string}"},"query-input":{"@type":"PropertyValueSpecification","valueRequired":true,"valueName":"search_term_string"}}],"inLanguage":"en-US"},{"@type":"Organization","@id":"https:\/\/berlin-laeuft.de\/s25berlin\/#organization","name":"S25 Berlin","url":"https:\/\/berlin-laeuft.de\/s25berlin\/","logo":{"@type":"ImageObject","inLanguage":"en-US","@id":"https:\/\/berlin-laeuft.de\/s25berlin\/#\/schema\/logo\/image\/","url":"https:\/\/berlin-laeuft.de\/s25berlin\/wp-content\/uploads\/sites\/2\/logos\/s25-logo.svg","contentUrl":"https:\/\/berlin-laeuft.de\/s25berlin\/wp-content\/uploads\/sites\/2\/logos\/s25-logo.svg","width":1,"height":1,"caption":"S25 Berlin"},"image":{"@id":"https:\/\/berlin-laeuft.de\/s25berlin\/#\/schema\/logo\/image\/"}},{"@type":"Person","@id":"https:\/\/berlin-laeuft.de\/s25berlin\/#\/schema\/person\/808ee79aa5c25c64bb7d210fc460e9ca","name":"berlinrun","sameAs":["https:\/\/berlinrun.wpengine.com"],"url":"https:\/\/berlin-laeuft.de\/s25berlin\/author\/berlinrun\/"}]}},"_links":{"self":[{"href":"https:\/\/berlin-laeuft.de\/s25berlin\/wp-json\/wp\/v2\/posts\/5597","targetHints":{"allow":["GET"]}}],"collection":[{"href":"https:\/\/berlin-laeuft.de\/s25berlin\/wp-json\/wp\/v2\/posts"}],"about":[{"href":"https:\/\/berlin-laeuft.de\/s25berlin\/wp-json\/wp\/v2\/types\/post"}],"author":[{"embeddable":true,"href":"https:\/\/berlin-laeuft.de\/s25berlin\/wp-json\/wp\/v2\/users\/1"}],"replies":[{"embeddable":true,"href":"https:\/\/berlin-laeuft.de\/s25berlin\/wp-json\/wp\/v2\/comments?post=5597"}],"version-history":[{"count":0,"href":"https:\/\/berlin-laeuft.de\/s25berlin\/wp-json\/wp\/v2\/posts\/5597\/revisions"}],"wp:featuredmedia":[{"embeddable":true,"href":"https:\/\/berlin-laeuft.de\/s25berlin\/wp-json\/"}],"wp:attachment":[{"href":"https:\/\/berlin-laeuft.de\/s25berlin\/wp-json\/wp\/v2\/media?parent=5597"}],"wp:term":[{"taxonomy":"category","embeddable":true,"href":"https:\/\/berlin-laeuft.de\/s25berlin\/wp-json\/wp\/v2\/categories?post=5597"},{"taxonomy":"post_tag","embeddable":true,"href":"https:\/\/berlin-laeuft.de\/s25berlin\/wp-json\/wp\/v2\/tags?post=5597"}],"curies":[{"name":"wp","href":"https:\/\/api.w.org\/{rel}","templated":true}]}}