{"id":5600,"date":"2021-05-03T17:01:53","date_gmt":"2021-05-03T15:01:53","guid":{"rendered":"https:\/\/berlin-laeuft.de\/s25berlin\/?p=5600"},"modified":"2021-05-03T17:01:53","modified_gmt":"2021-05-03T15:01:53","slug":"bei-der-premiere-1981-hand-in-hand-ins-ziel","status":"publish","type":"post","link":"https:\/\/berlin-laeuft.de\/s25berlin\/bei-der-premiere-1981-hand-in-hand-ins-ziel\/","title":{"rendered":"Bei der Premiere 1981 Hand in Hand ins Ziel"},"content":{"rendered":"\n<p>Die ersten Sieger der \u201e25 km de Berlin\u201c kamen aus der T\u00fcrkei und Frankreich: Mehmet Yurdad\u00f6n und Mehmet Terzi liefen nach 1:16:59 Stunden Hand in Hand im Olympiastadion ins Ziel, die Franz\u00f6sin Yonille Audibert siegte in 1:36:35. Im Laufe der Jahre wurden die Zeiten immer besser und die Teilnehmer-Felder gr\u00f6\u00dfer. 1990, rund ein halbes Jahr nach dem Fall der Mauer, rannten 14.300 Athletinnen und Athleten erstmals durch ganz Berlin \u2013 vorbei an den gr\u00f6\u00dften Sehensw\u00fcrdigkeiten der Stadt. Die Strecke gilt zudem als besonders schnell. Bereits einige Weltrekorde wurden in der Sportmetropole gefeiert. So rannte beispielsweise 2012 der Kenianer Dennis Kimetto die 25 Kilometer in 1:11:18 Stunden. Seine Weltrekordzeit ist noch immer ungeschlagen.<\/p>\n\n\n\n<p>Seit 2017, nach dem Einstieg der Berliner Sparkasse als Hauptsponsor, hei\u00dft der Lauf S 25 Berlin. Das Berliner Unternehmen unterst\u00fctzt auch das Jubil\u00e4um als Titelsponsor und macht unter anderem ein besonderes Jubil\u00e4ums-Shirt m\u00f6glich, auf dem sich alle interessierten Teilnehmenden verewigen k\u00f6nnen.<\/p>\n\n\n\n<p>Weitere Informationen unter <a href=\"https:\/\/berlin-laeuft.de\/s25berlin\/\" target=\"_blank\" rel=\"noreferrer noopener\">https:\/\/berlin-laeuft.de\/s25berlin\/<\/a><\/p>\n","protected":false},"excerpt":{"rendered":"<p>Die ersten Sieger der \u201e25 km de Berlin\u201c kamen aus der T\u00fcrkei und Frankreich: Mehmet Yurdad\u00f6n und Mehmet Terzi liefen nach 1:16:59 Stunden Hand in Hand im Olympiastadion ins Ziel, die Franz\u00f6sin Yonille Audibert siegte in 1:36:35. Im Laufe der Jahre wurden die Zeiten immer besser und die Teilnehmer-Felder gr\u00f6\u00dfer. 1990, rund ein halbes Jahr [&hellip;]<\/p>\n","protected":false},"author":1,"featured_media":5601,"comment_status":"closed","ping_status":"closed","sticky":true,"template":"","format":"standard","meta":{"_et_pb_use_builder":"","_et_pb_old_content":"","_et_gb_content_width":"","footnotes":""},"categories":[12,13],"tags":[],"class_list":["post-5600","post","type-post","status-publish","format-standard","has-post-thumbnail","hentry","category-news","category-uncategorised"],"yoast_head":"<!-- This site is optimized with the Yoast SEO plugin v27.5 - https:\/\/yoast.com\/product\/yoast-seo-wordpress\/ -->\n<title>S25 Berlin | Bei der Premiere 1981 Hand in Hand ins Ziel<\/title>\n<meta name=\"robots\" content=\"index, follow, max-snippet:-1, max-image-preview:large, max-video-preview:-1\" \/>\n<link rel=\"canonical\" href=\"https:\/\/berlin-laeuft.de\/s25berlin\/bei-der-premiere-1981-hand-in-hand-ins-ziel\/\" \/>\n<meta property=\"og:locale\" content=\"en_US\" \/>\n<meta property=\"og:type\" content=\"article\" \/>\n<meta property=\"og:title\" content=\"S25 Berlin | Bei der Premiere 1981 Hand in Hand ins Ziel\" \/>\n<meta property=\"og:description\" content=\"Die ersten Sieger der \u201e25 km de Berlin\u201c kamen aus der T\u00fcrkei und Frankreich: Mehmet Yurdad\u00f6n und Mehmet Terzi liefen nach 1:16:59 Stunden Hand in Hand im Olympiastadion ins Ziel, die Franz\u00f6sin Yonille Audibert siegte in 1:36:35. Im Laufe der Jahre wurden die Zeiten immer besser und die Teilnehmer-Felder gr\u00f6\u00dfer. 1990, rund ein halbes Jahr [&hellip;]\" \/>\n<meta property=\"og:url\" content=\"https:\/\/berlin-laeuft.de\/s25berlin\/bei-der-premiere-1981-hand-in-hand-ins-ziel\/\" \/>\n<meta property=\"og:site_name\" content=\"S25 Berlin\" \/>\n<meta property=\"article:published_time\" content=\"2021-05-03T15:01:53+00:00\" \/>\n<meta name=\"author\" content=\"berlinrun\" \/>\n<meta name=\"twitter:card\" content=\"summary_large_image\" \/>\n<meta name=\"twitter:label1\" content=\"Written by\" \/>\n\t<meta name=\"twitter:data1\" content=\"berlinrun\" \/>\n\t<meta name=\"twitter:label2\" content=\"Est. reading time\" \/>\n\t<meta name=\"twitter:data2\" content=\"1 minute\" \/>\n<script type=\"application\/ld+json\" class=\"yoast-schema-graph\">{\"@context\":\"https:\\\/\\\/schema.org\",\"@graph\":[{\"@type\":\"Article\",\"@id\":\"https:\\\/\\\/berlin-laeuft.de\\\/s25berlin\\\/bei-der-premiere-1981-hand-in-hand-ins-ziel\\\/#article\",\"isPartOf\":{\"@id\":\"https:\\\/\\\/berlin-laeuft.de\\\/s25berlin\\\/bei-der-premiere-1981-hand-in-hand-ins-ziel\\\/\"},\"author\":{\"name\":\"berlinrun\",\"@id\":\"https:\\\/\\\/berlin-laeuft.de\\\/s25berlin\\\/#\\\/schema\\\/person\\\/808ee79aa5c25c64bb7d210fc460e9ca\"},\"headline\":\"Bei der Premiere 1981 Hand in Hand ins Ziel\",\"datePublished\":\"2021-05-03T15:01:53+00:00\",\"mainEntityOfPage\":{\"@id\":\"https:\\\/\\\/berlin-laeuft.de\\\/s25berlin\\\/bei-der-premiere-1981-hand-in-hand-ins-ziel\\\/\"},\"wordCount\":170,\"publisher\":{\"@id\":\"https:\\\/\\\/berlin-laeuft.de\\\/s25berlin\\\/#organization\"},\"image\":{\"@id\":\"https:\\\/\\\/berlin-laeuft.de\\\/s25berlin\\\/bei-der-premiere-1981-hand-in-hand-ins-ziel\\\/#primaryimage\"},\"thumbnailUrl\":\"\",\"articleSection\":[\"News\",\"Uncategorised\"],\"inLanguage\":\"en-US\"},{\"@type\":\"WebPage\",\"@id\":\"https:\\\/\\\/berlin-laeuft.de\\\/s25berlin\\\/bei-der-premiere-1981-hand-in-hand-ins-ziel\\\/\",\"url\":\"https:\\\/\\\/berlin-laeuft.de\\\/s25berlin\\\/bei-der-premiere-1981-hand-in-hand-ins-ziel\\\/\",\"name\":\"S25 Berlin | Bei der Premiere 1981 Hand in Hand ins Ziel\",\"isPartOf\":{\"@id\":\"https:\\\/\\\/berlin-laeuft.de\\\/s25berlin\\\/#website\"},\"primaryImageOfPage\":{\"@id\":\"https:\\\/\\\/berlin-laeuft.de\\\/s25berlin\\\/bei-der-premiere-1981-hand-in-hand-ins-ziel\\\/#primaryimage\"},\"image\":{\"@id\":\"https:\\\/\\\/berlin-laeuft.de\\\/s25berlin\\\/bei-der-premiere-1981-hand-in-hand-ins-ziel\\\/#primaryimage\"},\"thumbnailUrl\":\"\",\"datePublished\":\"2021-05-03T15:01:53+00:00\",\"breadcrumb\":{\"@id\":\"https:\\\/\\\/berlin-laeuft.de\\\/s25berlin\\\/bei-der-premiere-1981-hand-in-hand-ins-ziel\\\/#breadcrumb\"},\"inLanguage\":\"en-US\",\"potentialAction\":[{\"@type\":\"ReadAction\",\"target\":[\"https:\\\/\\\/berlin-laeuft.de\\\/s25berlin\\\/bei-der-premiere-1981-hand-in-hand-ins-ziel\\\/\"]}]},{\"@type\":\"ImageObject\",\"inLanguage\":\"en-US\",\"@id\":\"https:\\\/\\\/berlin-laeuft.de\\\/s25berlin\\\/bei-der-premiere-1981-hand-in-hand-ins-ziel\\\/#primaryimage\",\"url\":\"\",\"contentUrl\":\"\"},{\"@type\":\"BreadcrumbList\",\"@id\":\"https:\\\/\\\/berlin-laeuft.de\\\/s25berlin\\\/bei-der-premiere-1981-hand-in-hand-ins-ziel\\\/#breadcrumb\",\"itemListElement\":[{\"@type\":\"ListItem\",\"position\":1,\"name\":\"Startseite\",\"item\":\"https:\\\/\\\/berlin-laeuft.de\\\/s25berlin\\\/\"},{\"@type\":\"ListItem\",\"position\":2,\"name\":\"Bei der Premiere 1981 Hand in Hand ins Ziel\"}]},{\"@type\":\"WebSite\",\"@id\":\"https:\\\/\\\/berlin-laeuft.de\\\/s25berlin\\\/#website\",\"url\":\"https:\\\/\\\/berlin-laeuft.de\\\/s25berlin\\\/\",\"name\":\"S25 Berlin\",\"description\":\"\",\"publisher\":{\"@id\":\"https:\\\/\\\/berlin-laeuft.de\\\/s25berlin\\\/#organization\"},\"potentialAction\":[{\"@type\":\"SearchAction\",\"target\":{\"@type\":\"EntryPoint\",\"urlTemplate\":\"https:\\\/\\\/berlin-laeuft.de\\\/s25berlin\\\/?s={search_term_string}\"},\"query-input\":{\"@type\":\"PropertyValueSpecification\",\"valueRequired\":true,\"valueName\":\"search_term_string\"}}],\"inLanguage\":\"en-US\"},{\"@type\":\"Organization\",\"@id\":\"https:\\\/\\\/berlin-laeuft.de\\\/s25berlin\\\/#organization\",\"name\":\"S25 Berlin\",\"url\":\"https:\\\/\\\/berlin-laeuft.de\\\/s25berlin\\\/\",\"logo\":{\"@type\":\"ImageObject\",\"inLanguage\":\"en-US\",\"@id\":\"https:\\\/\\\/berlin-laeuft.de\\\/s25berlin\\\/#\\\/schema\\\/logo\\\/image\\\/\",\"url\":\"https:\\\/\\\/berlin-laeuft.de\\\/s25berlin\\\/wp-content\\\/uploads\\\/sites\\\/2\\\/logos\\\/s25-logo.svg\",\"contentUrl\":\"https:\\\/\\\/berlin-laeuft.de\\\/s25berlin\\\/wp-content\\\/uploads\\\/sites\\\/2\\\/logos\\\/s25-logo.svg\",\"width\":1,\"height\":1,\"caption\":\"S25 Berlin\"},\"image\":{\"@id\":\"https:\\\/\\\/berlin-laeuft.de\\\/s25berlin\\\/#\\\/schema\\\/logo\\\/image\\\/\"}},{\"@type\":\"Person\",\"@id\":\"https:\\\/\\\/berlin-laeuft.de\\\/s25berlin\\\/#\\\/schema\\\/person\\\/808ee79aa5c25c64bb7d210fc460e9ca\",\"name\":\"berlinrun\",\"sameAs\":[\"https:\\\/\\\/berlinrun.wpengine.com\"],\"url\":\"https:\\\/\\\/berlin-laeuft.de\\\/s25berlin\\\/author\\\/berlinrun\\\/\"}]}<\/script>\n<!-- \/ Yoast SEO plugin. -->","yoast_head_json":{"title":"S25 Berlin | Bei der Premiere 1981 Hand in Hand ins Ziel","robots":{"index":"index","follow":"follow","max-snippet":"max-snippet:-1","max-image-preview":"max-image-preview:large","max-video-preview":"max-video-preview:-1"},"canonical":"https:\/\/berlin-laeuft.de\/s25berlin\/bei-der-premiere-1981-hand-in-hand-ins-ziel\/","og_locale":"en_US","og_type":"article","og_title":"S25 Berlin | Bei der Premiere 1981 Hand in Hand ins Ziel","og_description":"Die ersten Sieger der \u201e25 km de Berlin\u201c kamen aus der T\u00fcrkei und Frankreich: Mehmet Yurdad\u00f6n und Mehmet Terzi liefen nach 1:16:59 Stunden Hand in Hand im Olympiastadion ins Ziel, die Franz\u00f6sin Yonille Audibert siegte in 1:36:35. Im Laufe der Jahre wurden die Zeiten immer besser und die Teilnehmer-Felder gr\u00f6\u00dfer. 1990, rund ein halbes Jahr [&hellip;]","og_url":"https:\/\/berlin-laeuft.de\/s25berlin\/bei-der-premiere-1981-hand-in-hand-ins-ziel\/","og_site_name":"S25 Berlin","article_published_time":"2021-05-03T15:01:53+00:00","author":"berlinrun","twitter_card":"summary_large_image","twitter_misc":{"Written by":"berlinrun","Est. reading time":"1 minute"},"schema":{"@context":"https:\/\/schema.org","@graph":[{"@type":"Article","@id":"https:\/\/berlin-laeuft.de\/s25berlin\/bei-der-premiere-1981-hand-in-hand-ins-ziel\/#article","isPartOf":{"@id":"https:\/\/berlin-laeuft.de\/s25berlin\/bei-der-premiere-1981-hand-in-hand-ins-ziel\/"},"author":{"name":"berlinrun","@id":"https:\/\/berlin-laeuft.de\/s25berlin\/#\/schema\/person\/808ee79aa5c25c64bb7d210fc460e9ca"},"headline":"Bei der Premiere 1981 Hand in Hand ins Ziel","datePublished":"2021-05-03T15:01:53+00:00","mainEntityOfPage":{"@id":"https:\/\/berlin-laeuft.de\/s25berlin\/bei-der-premiere-1981-hand-in-hand-ins-ziel\/"},"wordCount":170,"publisher":{"@id":"https:\/\/berlin-laeuft.de\/s25berlin\/#organization"},"image":{"@id":"https:\/\/berlin-laeuft.de\/s25berlin\/bei-der-premiere-1981-hand-in-hand-ins-ziel\/#primaryimage"},"thumbnailUrl":"","articleSection":["News","Uncategorised"],"inLanguage":"en-US"},{"@type":"WebPage","@id":"https:\/\/berlin-laeuft.de\/s25berlin\/bei-der-premiere-1981-hand-in-hand-ins-ziel\/","url":"https:\/\/berlin-laeuft.de\/s25berlin\/bei-der-premiere-1981-hand-in-hand-ins-ziel\/","name":"S25 Berlin | Bei der Premiere 1981 Hand in Hand ins Ziel","isPartOf":{"@id":"https:\/\/berlin-laeuft.de\/s25berlin\/#website"},"primaryImageOfPage":{"@id":"https:\/\/berlin-laeuft.de\/s25berlin\/bei-der-premiere-1981-hand-in-hand-ins-ziel\/#primaryimage"},"image":{"@id":"https:\/\/berlin-laeuft.de\/s25berlin\/bei-der-premiere-1981-hand-in-hand-ins-ziel\/#primaryimage"},"thumbnailUrl":"","datePublished":"2021-05-03T15:01:53+00:00","breadcrumb":{"@id":"https:\/\/berlin-laeuft.de\/s25berlin\/bei-der-premiere-1981-hand-in-hand-ins-ziel\/#breadcrumb"},"inLanguage":"en-US","potentialAction":[{"@type":"ReadAction","target":["https:\/\/berlin-laeuft.de\/s25berlin\/bei-der-premiere-1981-hand-in-hand-ins-ziel\/"]}]},{"@type":"ImageObject","inLanguage":"en-US","@id":"https:\/\/berlin-laeuft.de\/s25berlin\/bei-der-premiere-1981-hand-in-hand-ins-ziel\/#primaryimage","url":"","contentUrl":""},{"@type":"BreadcrumbList","@id":"https:\/\/berlin-laeuft.de\/s25berlin\/bei-der-premiere-1981-hand-in-hand-ins-ziel\/#breadcrumb","itemListElement":[{"@type":"ListItem","position":1,"name":"Startseite","item":"https:\/\/berlin-laeuft.de\/s25berlin\/"},{"@type":"ListItem","position":2,"name":"Bei der Premiere 1981 Hand in Hand ins Ziel"}]},{"@type":"WebSite","@id":"https:\/\/berlin-laeuft.de\/s25berlin\/#website","url":"https:\/\/berlin-laeuft.de\/s25berlin\/","name":"S25 Berlin","description":"","publisher":{"@id":"https:\/\/berlin-laeuft.de\/s25berlin\/#organization"},"potentialAction":[{"@type":"SearchAction","target":{"@type":"EntryPoint","urlTemplate":"https:\/\/berlin-laeuft.de\/s25berlin\/?s={search_term_string}"},"query-input":{"@type":"PropertyValueSpecification","valueRequired":true,"valueName":"search_term_string"}}],"inLanguage":"en-US"},{"@type":"Organization","@id":"https:\/\/berlin-laeuft.de\/s25berlin\/#organization","name":"S25 Berlin","url":"https:\/\/berlin-laeuft.de\/s25berlin\/","logo":{"@type":"ImageObject","inLanguage":"en-US","@id":"https:\/\/berlin-laeuft.de\/s25berlin\/#\/schema\/logo\/image\/","url":"https:\/\/berlin-laeuft.de\/s25berlin\/wp-content\/uploads\/sites\/2\/logos\/s25-logo.svg","contentUrl":"https:\/\/berlin-laeuft.de\/s25berlin\/wp-content\/uploads\/sites\/2\/logos\/s25-logo.svg","width":1,"height":1,"caption":"S25 Berlin"},"image":{"@id":"https:\/\/berlin-laeuft.de\/s25berlin\/#\/schema\/logo\/image\/"}},{"@type":"Person","@id":"https:\/\/berlin-laeuft.de\/s25berlin\/#\/schema\/person\/808ee79aa5c25c64bb7d210fc460e9ca","name":"berlinrun","sameAs":["https:\/\/berlinrun.wpengine.com"],"url":"https:\/\/berlin-laeuft.de\/s25berlin\/author\/berlinrun\/"}]}},"_links":{"self":[{"href":"https:\/\/berlin-laeuft.de\/s25berlin\/wp-json\/wp\/v2\/posts\/5600","targetHints":{"allow":["GET"]}}],"collection":[{"href":"https:\/\/berlin-laeuft.de\/s25berlin\/wp-json\/wp\/v2\/posts"}],"about":[{"href":"https:\/\/berlin-laeuft.de\/s25berlin\/wp-json\/wp\/v2\/types\/post"}],"author":[{"embeddable":true,"href":"https:\/\/berlin-laeuft.de\/s25berlin\/wp-json\/wp\/v2\/users\/1"}],"replies":[{"embeddable":true,"href":"https:\/\/berlin-laeuft.de\/s25berlin\/wp-json\/wp\/v2\/comments?post=5600"}],"version-history":[{"count":0,"href":"https:\/\/berlin-laeuft.de\/s25berlin\/wp-json\/wp\/v2\/posts\/5600\/revisions"}],"wp:featuredmedia":[{"embeddable":true,"href":"https:\/\/berlin-laeuft.de\/s25berlin\/wp-json\/"}],"wp:attachment":[{"href":"https:\/\/berlin-laeuft.de\/s25berlin\/wp-json\/wp\/v2\/media?parent=5600"}],"wp:term":[{"taxonomy":"category","embeddable":true,"href":"https:\/\/berlin-laeuft.de\/s25berlin\/wp-json\/wp\/v2\/categories?post=5600"},{"taxonomy":"post_tag","embeddable":true,"href":"https:\/\/berlin-laeuft.de\/s25berlin\/wp-json\/wp\/v2\/tags?post=5600"}],"curies":[{"name":"wp","href":"https:\/\/api.w.org\/{rel}","templated":true}]}}