{"id":5627,"date":"2021-05-07T13:53:49","date_gmt":"2021-05-07T11:53:49","guid":{"rendered":"https:\/\/berlin-laeuft.de\/s25berlin\/?p=5627"},"modified":"2021-05-07T13:53:49","modified_gmt":"2021-05-07T11:53:49","slug":"mutter-und-vatertags-special","status":"publish","type":"post","link":"https:\/\/berlin-laeuft.de\/s25berlin\/mutter-und-vatertags-special\/","title":{"rendered":"Mutter- und Vatertags-Special"},"content":{"rendered":"\n<p>Liebe Berlin-L\u00e4uferinnen, liebe Berlin-L\u00e4ufer,<\/p>\n\n\n\n<p><em>Mutter- und Vatertag ist einmal im Jahr,<\/em><br><em>da sind wir ganz besonders f\u00fcr sie da.<\/em><br><em>Bei uns kannst Du das perfekte Geschenk f\u00fcr Deine Liebsten kaufen,<\/em><br><em>um anschlie\u00dfend gemeinam \u00fcber die Ziellinie zu laufen.&nbsp;<\/em><\/p>\n\n\n\n<p>Schenke Deinem Elternteil einen Startplatz f\u00fcr den&nbsp;<strong><a href=\"https:\/\/270148.seu2.cleverreach.com\/c\/58496648\/5f36ade22c553-qsqb4g\">S 25 Berlin<\/a><\/strong>,&nbsp;<strong><a href=\"https:\/\/270148.seu2.cleverreach.com\/c\/58496649\/5f36ade22c553-qsqb4g\">The Great 10k&nbsp;<\/a><\/strong>oder&nbsp;<strong><a href=\"https:\/\/270148.seu2.cleverreach.com\/c\/58496650\/5f36ade22c553-qsqb4g\">VOLVO Tierparklauf<\/a><\/strong>und entdeckt gemeinsam die sch\u00f6nsten Ecken der Hauptstadt.<\/p>\n\n\n\n<p>Mit dem Rabatt-Code \u201eMamaPapa\u201c bekommst Du 10 Prozent Rabatt auf die Startgeb\u00fchr unabh\u00e4ngig von der Distanz (ausgenommen Kinderl\u00e4ufe). Trage den Code bei der Anmeldung in das entsprechende Feld ein \u2013 und die 10 Prozent werden von dem Gesamtbetrag abgezogen.<br><br>Der Code ist bis zum 21. Mai 2021 g\u00fcltig.<\/p>\n\n\n\n<p>Melde die beste Mama und den besten Papa der Welt an und \u00fcberrasche sie mit einem Startplatz bei Berlin l\u00e4uft!.<\/p>\n\n\n\n<p>Zu den Veranstaltungen kommst Du&nbsp;<a href=\"https:\/\/270148.seu2.cleverreach.com\/c\/58495400\/5f36ade22c553-qsqb4g\">hier.<\/a><\/p>\n\n\n\n<p>Mit sportlichen Gr\u00fc\u00dfen,<br>Dein Team von Berlin l\u00e4uft!<\/p>\n","protected":false},"excerpt":{"rendered":"<p>Liebe Berlin-L\u00e4uferinnen, liebe Berlin-L\u00e4ufer, Mutter- und Vatertag ist einmal im Jahr,da sind wir ganz besonders f\u00fcr sie da.Bei uns kannst Du das perfekte Geschenk f\u00fcr Deine Liebsten kaufen,um anschlie\u00dfend gemeinam \u00fcber die Ziellinie zu laufen.&nbsp; Schenke Deinem Elternteil einen Startplatz f\u00fcr den&nbsp;S 25 Berlin,&nbsp;The Great 10k&nbsp;oder&nbsp;VOLVO Tierparklaufund entdeckt gemeinsam die sch\u00f6nsten Ecken der Hauptstadt. Mit [&hellip;]<\/p>\n","protected":false},"author":1,"featured_media":5628,"comment_status":"closed","ping_status":"closed","sticky":true,"template":"","format":"standard","meta":{"_et_pb_use_builder":"","_et_pb_old_content":"","_et_gb_content_width":"","footnotes":""},"categories":[12],"tags":[],"class_list":["post-5627","post","type-post","status-publish","format-standard","has-post-thumbnail","hentry","category-news"],"yoast_head":"<!-- This site is optimized with the Yoast SEO plugin v27.4 - https:\/\/yoast.com\/product\/yoast-seo-wordpress\/ -->\n<title>S25 Berlin | Mutter- und Vatertags-Special<\/title>\n<meta name=\"robots\" content=\"index, follow, max-snippet:-1, max-image-preview:large, max-video-preview:-1\" \/>\n<link rel=\"canonical\" href=\"https:\/\/berlin-laeuft.de\/s25berlin\/mutter-und-vatertags-special\/\" \/>\n<meta property=\"og:locale\" content=\"en_US\" \/>\n<meta property=\"og:type\" content=\"article\" \/>\n<meta property=\"og:title\" content=\"S25 Berlin | Mutter- und Vatertags-Special\" \/>\n<meta property=\"og:description\" content=\"Liebe Berlin-L\u00e4uferinnen, liebe Berlin-L\u00e4ufer, Mutter- und Vatertag ist einmal im Jahr,da sind wir ganz besonders f\u00fcr sie da.Bei uns kannst Du das perfekte Geschenk f\u00fcr Deine Liebsten kaufen,um anschlie\u00dfend gemeinam \u00fcber die Ziellinie zu laufen.&nbsp; Schenke Deinem Elternteil einen Startplatz f\u00fcr den&nbsp;S 25 Berlin,&nbsp;The Great 10k&nbsp;oder&nbsp;VOLVO Tierparklaufund entdeckt gemeinsam die sch\u00f6nsten Ecken der Hauptstadt. Mit [&hellip;]\" \/>\n<meta property=\"og:url\" content=\"https:\/\/berlin-laeuft.de\/s25berlin\/mutter-und-vatertags-special\/\" \/>\n<meta property=\"og:site_name\" content=\"S25 Berlin\" \/>\n<meta property=\"article:published_time\" content=\"2021-05-07T11:53:49+00:00\" \/>\n<meta name=\"author\" content=\"berlinrun\" \/>\n<meta name=\"twitter:card\" content=\"summary_large_image\" \/>\n<meta name=\"twitter:label1\" content=\"Written by\" \/>\n\t<meta name=\"twitter:data1\" content=\"berlinrun\" \/>\n\t<meta name=\"twitter:label2\" content=\"Est. reading time\" \/>\n\t<meta name=\"twitter:data2\" content=\"1 minute\" \/>\n<script type=\"application\/ld+json\" class=\"yoast-schema-graph\">{\"@context\":\"https:\\\/\\\/schema.org\",\"@graph\":[{\"@type\":\"Article\",\"@id\":\"https:\\\/\\\/berlin-laeuft.de\\\/s25berlin\\\/mutter-und-vatertags-special\\\/#article\",\"isPartOf\":{\"@id\":\"https:\\\/\\\/berlin-laeuft.de\\\/s25berlin\\\/mutter-und-vatertags-special\\\/\"},\"author\":{\"name\":\"berlinrun\",\"@id\":\"https:\\\/\\\/berlin-laeuft.de\\\/s25berlin\\\/#\\\/schema\\\/person\\\/808ee79aa5c25c64bb7d210fc460e9ca\"},\"headline\":\"Mutter- und Vatertags-Special\",\"datePublished\":\"2021-05-07T11:53:49+00:00\",\"mainEntityOfPage\":{\"@id\":\"https:\\\/\\\/berlin-laeuft.de\\\/s25berlin\\\/mutter-und-vatertags-special\\\/\"},\"wordCount\":161,\"publisher\":{\"@id\":\"https:\\\/\\\/berlin-laeuft.de\\\/s25berlin\\\/#organization\"},\"image\":{\"@id\":\"https:\\\/\\\/berlin-laeuft.de\\\/s25berlin\\\/mutter-und-vatertags-special\\\/#primaryimage\"},\"thumbnailUrl\":\"\",\"articleSection\":[\"News\"],\"inLanguage\":\"en-US\"},{\"@type\":\"WebPage\",\"@id\":\"https:\\\/\\\/berlin-laeuft.de\\\/s25berlin\\\/mutter-und-vatertags-special\\\/\",\"url\":\"https:\\\/\\\/berlin-laeuft.de\\\/s25berlin\\\/mutter-und-vatertags-special\\\/\",\"name\":\"S25 Berlin | Mutter- und Vatertags-Special\",\"isPartOf\":{\"@id\":\"https:\\\/\\\/berlin-laeuft.de\\\/s25berlin\\\/#website\"},\"primaryImageOfPage\":{\"@id\":\"https:\\\/\\\/berlin-laeuft.de\\\/s25berlin\\\/mutter-und-vatertags-special\\\/#primaryimage\"},\"image\":{\"@id\":\"https:\\\/\\\/berlin-laeuft.de\\\/s25berlin\\\/mutter-und-vatertags-special\\\/#primaryimage\"},\"thumbnailUrl\":\"\",\"datePublished\":\"2021-05-07T11:53:49+00:00\",\"breadcrumb\":{\"@id\":\"https:\\\/\\\/berlin-laeuft.de\\\/s25berlin\\\/mutter-und-vatertags-special\\\/#breadcrumb\"},\"inLanguage\":\"en-US\",\"potentialAction\":[{\"@type\":\"ReadAction\",\"target\":[\"https:\\\/\\\/berlin-laeuft.de\\\/s25berlin\\\/mutter-und-vatertags-special\\\/\"]}]},{\"@type\":\"ImageObject\",\"inLanguage\":\"en-US\",\"@id\":\"https:\\\/\\\/berlin-laeuft.de\\\/s25berlin\\\/mutter-und-vatertags-special\\\/#primaryimage\",\"url\":\"\",\"contentUrl\":\"\"},{\"@type\":\"BreadcrumbList\",\"@id\":\"https:\\\/\\\/berlin-laeuft.de\\\/s25berlin\\\/mutter-und-vatertags-special\\\/#breadcrumb\",\"itemListElement\":[{\"@type\":\"ListItem\",\"position\":1,\"name\":\"Startseite\",\"item\":\"https:\\\/\\\/berlin-laeuft.de\\\/s25berlin\\\/\"},{\"@type\":\"ListItem\",\"position\":2,\"name\":\"Mutter- und Vatertags-Special\"}]},{\"@type\":\"WebSite\",\"@id\":\"https:\\\/\\\/berlin-laeuft.de\\\/s25berlin\\\/#website\",\"url\":\"https:\\\/\\\/berlin-laeuft.de\\\/s25berlin\\\/\",\"name\":\"S25 Berlin\",\"description\":\"\",\"publisher\":{\"@id\":\"https:\\\/\\\/berlin-laeuft.de\\\/s25berlin\\\/#organization\"},\"potentialAction\":[{\"@type\":\"SearchAction\",\"target\":{\"@type\":\"EntryPoint\",\"urlTemplate\":\"https:\\\/\\\/berlin-laeuft.de\\\/s25berlin\\\/?s={search_term_string}\"},\"query-input\":{\"@type\":\"PropertyValueSpecification\",\"valueRequired\":true,\"valueName\":\"search_term_string\"}}],\"inLanguage\":\"en-US\"},{\"@type\":\"Organization\",\"@id\":\"https:\\\/\\\/berlin-laeuft.de\\\/s25berlin\\\/#organization\",\"name\":\"S25 Berlin\",\"url\":\"https:\\\/\\\/berlin-laeuft.de\\\/s25berlin\\\/\",\"logo\":{\"@type\":\"ImageObject\",\"inLanguage\":\"en-US\",\"@id\":\"https:\\\/\\\/berlin-laeuft.de\\\/s25berlin\\\/#\\\/schema\\\/logo\\\/image\\\/\",\"url\":\"https:\\\/\\\/berlin-laeuft.de\\\/s25berlin\\\/wp-content\\\/uploads\\\/sites\\\/2\\\/logos\\\/s25-logo.svg\",\"contentUrl\":\"https:\\\/\\\/berlin-laeuft.de\\\/s25berlin\\\/wp-content\\\/uploads\\\/sites\\\/2\\\/logos\\\/s25-logo.svg\",\"width\":1,\"height\":1,\"caption\":\"S25 Berlin\"},\"image\":{\"@id\":\"https:\\\/\\\/berlin-laeuft.de\\\/s25berlin\\\/#\\\/schema\\\/logo\\\/image\\\/\"}},{\"@type\":\"Person\",\"@id\":\"https:\\\/\\\/berlin-laeuft.de\\\/s25berlin\\\/#\\\/schema\\\/person\\\/808ee79aa5c25c64bb7d210fc460e9ca\",\"name\":\"berlinrun\",\"sameAs\":[\"https:\\\/\\\/berlinrun.wpengine.com\"],\"url\":\"https:\\\/\\\/berlin-laeuft.de\\\/s25berlin\\\/author\\\/berlinrun\\\/\"}]}<\/script>\n<!-- \/ Yoast SEO plugin. -->","yoast_head_json":{"title":"S25 Berlin | Mutter- und Vatertags-Special","robots":{"index":"index","follow":"follow","max-snippet":"max-snippet:-1","max-image-preview":"max-image-preview:large","max-video-preview":"max-video-preview:-1"},"canonical":"https:\/\/berlin-laeuft.de\/s25berlin\/mutter-und-vatertags-special\/","og_locale":"en_US","og_type":"article","og_title":"S25 Berlin | Mutter- und Vatertags-Special","og_description":"Liebe Berlin-L\u00e4uferinnen, liebe Berlin-L\u00e4ufer, Mutter- und Vatertag ist einmal im Jahr,da sind wir ganz besonders f\u00fcr sie da.Bei uns kannst Du das perfekte Geschenk f\u00fcr Deine Liebsten kaufen,um anschlie\u00dfend gemeinam \u00fcber die Ziellinie zu laufen.&nbsp; Schenke Deinem Elternteil einen Startplatz f\u00fcr den&nbsp;S 25 Berlin,&nbsp;The Great 10k&nbsp;oder&nbsp;VOLVO Tierparklaufund entdeckt gemeinsam die sch\u00f6nsten Ecken der Hauptstadt. Mit [&hellip;]","og_url":"https:\/\/berlin-laeuft.de\/s25berlin\/mutter-und-vatertags-special\/","og_site_name":"S25 Berlin","article_published_time":"2021-05-07T11:53:49+00:00","author":"berlinrun","twitter_card":"summary_large_image","twitter_misc":{"Written by":"berlinrun","Est. reading time":"1 minute"},"schema":{"@context":"https:\/\/schema.org","@graph":[{"@type":"Article","@id":"https:\/\/berlin-laeuft.de\/s25berlin\/mutter-und-vatertags-special\/#article","isPartOf":{"@id":"https:\/\/berlin-laeuft.de\/s25berlin\/mutter-und-vatertags-special\/"},"author":{"name":"berlinrun","@id":"https:\/\/berlin-laeuft.de\/s25berlin\/#\/schema\/person\/808ee79aa5c25c64bb7d210fc460e9ca"},"headline":"Mutter- und Vatertags-Special","datePublished":"2021-05-07T11:53:49+00:00","mainEntityOfPage":{"@id":"https:\/\/berlin-laeuft.de\/s25berlin\/mutter-und-vatertags-special\/"},"wordCount":161,"publisher":{"@id":"https:\/\/berlin-laeuft.de\/s25berlin\/#organization"},"image":{"@id":"https:\/\/berlin-laeuft.de\/s25berlin\/mutter-und-vatertags-special\/#primaryimage"},"thumbnailUrl":"","articleSection":["News"],"inLanguage":"en-US"},{"@type":"WebPage","@id":"https:\/\/berlin-laeuft.de\/s25berlin\/mutter-und-vatertags-special\/","url":"https:\/\/berlin-laeuft.de\/s25berlin\/mutter-und-vatertags-special\/","name":"S25 Berlin | Mutter- und Vatertags-Special","isPartOf":{"@id":"https:\/\/berlin-laeuft.de\/s25berlin\/#website"},"primaryImageOfPage":{"@id":"https:\/\/berlin-laeuft.de\/s25berlin\/mutter-und-vatertags-special\/#primaryimage"},"image":{"@id":"https:\/\/berlin-laeuft.de\/s25berlin\/mutter-und-vatertags-special\/#primaryimage"},"thumbnailUrl":"","datePublished":"2021-05-07T11:53:49+00:00","breadcrumb":{"@id":"https:\/\/berlin-laeuft.de\/s25berlin\/mutter-und-vatertags-special\/#breadcrumb"},"inLanguage":"en-US","potentialAction":[{"@type":"ReadAction","target":["https:\/\/berlin-laeuft.de\/s25berlin\/mutter-und-vatertags-special\/"]}]},{"@type":"ImageObject","inLanguage":"en-US","@id":"https:\/\/berlin-laeuft.de\/s25berlin\/mutter-und-vatertags-special\/#primaryimage","url":"","contentUrl":""},{"@type":"BreadcrumbList","@id":"https:\/\/berlin-laeuft.de\/s25berlin\/mutter-und-vatertags-special\/#breadcrumb","itemListElement":[{"@type":"ListItem","position":1,"name":"Startseite","item":"https:\/\/berlin-laeuft.de\/s25berlin\/"},{"@type":"ListItem","position":2,"name":"Mutter- und Vatertags-Special"}]},{"@type":"WebSite","@id":"https:\/\/berlin-laeuft.de\/s25berlin\/#website","url":"https:\/\/berlin-laeuft.de\/s25berlin\/","name":"S25 Berlin","description":"","publisher":{"@id":"https:\/\/berlin-laeuft.de\/s25berlin\/#organization"},"potentialAction":[{"@type":"SearchAction","target":{"@type":"EntryPoint","urlTemplate":"https:\/\/berlin-laeuft.de\/s25berlin\/?s={search_term_string}"},"query-input":{"@type":"PropertyValueSpecification","valueRequired":true,"valueName":"search_term_string"}}],"inLanguage":"en-US"},{"@type":"Organization","@id":"https:\/\/berlin-laeuft.de\/s25berlin\/#organization","name":"S25 Berlin","url":"https:\/\/berlin-laeuft.de\/s25berlin\/","logo":{"@type":"ImageObject","inLanguage":"en-US","@id":"https:\/\/berlin-laeuft.de\/s25berlin\/#\/schema\/logo\/image\/","url":"https:\/\/berlin-laeuft.de\/s25berlin\/wp-content\/uploads\/sites\/2\/logos\/s25-logo.svg","contentUrl":"https:\/\/berlin-laeuft.de\/s25berlin\/wp-content\/uploads\/sites\/2\/logos\/s25-logo.svg","width":1,"height":1,"caption":"S25 Berlin"},"image":{"@id":"https:\/\/berlin-laeuft.de\/s25berlin\/#\/schema\/logo\/image\/"}},{"@type":"Person","@id":"https:\/\/berlin-laeuft.de\/s25berlin\/#\/schema\/person\/808ee79aa5c25c64bb7d210fc460e9ca","name":"berlinrun","sameAs":["https:\/\/berlinrun.wpengine.com"],"url":"https:\/\/berlin-laeuft.de\/s25berlin\/author\/berlinrun\/"}]}},"_links":{"self":[{"href":"https:\/\/berlin-laeuft.de\/s25berlin\/wp-json\/wp\/v2\/posts\/5627","targetHints":{"allow":["GET"]}}],"collection":[{"href":"https:\/\/berlin-laeuft.de\/s25berlin\/wp-json\/wp\/v2\/posts"}],"about":[{"href":"https:\/\/berlin-laeuft.de\/s25berlin\/wp-json\/wp\/v2\/types\/post"}],"author":[{"embeddable":true,"href":"https:\/\/berlin-laeuft.de\/s25berlin\/wp-json\/wp\/v2\/users\/1"}],"replies":[{"embeddable":true,"href":"https:\/\/berlin-laeuft.de\/s25berlin\/wp-json\/wp\/v2\/comments?post=5627"}],"version-history":[{"count":0,"href":"https:\/\/berlin-laeuft.de\/s25berlin\/wp-json\/wp\/v2\/posts\/5627\/revisions"}],"wp:featuredmedia":[{"embeddable":true,"href":"https:\/\/berlin-laeuft.de\/s25berlin\/wp-json\/"}],"wp:attachment":[{"href":"https:\/\/berlin-laeuft.de\/s25berlin\/wp-json\/wp\/v2\/media?parent=5627"}],"wp:term":[{"taxonomy":"category","embeddable":true,"href":"https:\/\/berlin-laeuft.de\/s25berlin\/wp-json\/wp\/v2\/categories?post=5627"},{"taxonomy":"post_tag","embeddable":true,"href":"https:\/\/berlin-laeuft.de\/s25berlin\/wp-json\/wp\/v2\/tags?post=5627"}],"curies":[{"name":"wp","href":"https:\/\/api.w.org\/{rel}","templated":true}]}}