{"id":5806,"date":"2021-09-22T14:02:14","date_gmt":"2021-09-22T12:02:14","guid":{"rendered":"https:\/\/berlin-laeuft.de\/s25berlin\/?p=5806"},"modified":"2021-09-22T14:02:14","modified_gmt":"2021-09-22T12:02:14","slug":"countdown-noch-18-tage-bis-zum-s-25-berlin","status":"publish","type":"post","link":"https:\/\/berlin-laeuft.de\/s25berlin\/countdown-noch-18-tage-bis-zum-s-25-berlin\/","title":{"rendered":"Countdown: Noch 18 Tage bis zum S 25 Berlin"},"content":{"rendered":"\n<p>Liebe L\u00e4uferinnen und L\u00e4ufer,<\/p>\n\n\n\n<p>bald geht es endlich los! Der Startschuss f\u00fcr den S 25 Berlin f\u00e4llt am 10. Oktober 2021 vor dem Olympiastadion Berlin. Wir freuen uns riesig, mit Euch durch die Stra\u00dfen Berlins zu laufen&nbsp; und das 40-j\u00e4hrige Jubil\u00e4um des \u00e4ltesten Citylaufs Deutschlands zu feiern.<\/p>\n\n\n\n<p>Bis zum heutigen Mittwoch, 22. September, habt Ihr die M\u00f6glichkeit, in <a href=\"https:\/\/mylaps-registrations.com\/s25berlin_2021\/check-registration\" target=\"_blank\" rel=\"noreferrer noopener\">Eurem Account<\/a> Zusatzleistungen wie das Event-Shirt (20 Euro) oder eine Medaillengravur (8 Euro) zu bestellen.<\/p>\n\n\n\n<p>Wir freuen uns, dass unser Ausr\u00fcster Artiva auch f\u00fcr unseren dritten und gr\u00f6\u00dften Lauf ein ganz besonderes Event-Shirt designt hat: Neben der hochwertigen Qualit\u00e4t \u00fcberzeugt das neue Shirt durch die individuelle Berlin-Skyline. Wir hoffen, es gef\u00e4llt Euch!?<\/p>\n\n\n\n<figure class=\"wp-block-image size-full\"><img decoding=\"async\" src=\"\/wp-content\/uploads\/sites\/2\/2021\/09\/1-1.jpg\" alt=\"\" class=\"wp-image-5808\" \/><\/figure>\n\n\n\n<p>Ebenso sind Multifunktionst\u00fccher, Bit Bits (magentische Startnummernhalter) und Fotopakete in Eurem Anmeldeprofil bis heute buchbar und bei der Startunterlagenausgabe in der Mall of Berlin am Merchandise-Stand abholbereit. M\u00f6chtet ihr der Kinderhilfsorganisation PLAN International unterst\u00fctzen? Das ist das ebenfalls in Eurem Account m\u00f6glich.<\/p>\n\n\n\n<p>Bitte beachtet, dass die Zusatzleistungen online nur mit einer Kreditkarte bezahlt werden k\u00f6nnen. An den zwei Tagen der Startunterlagenausgabe habt Ihr die M\u00f6glichkeit, diese Produkte (solange der Vorrat reicht) auch mit EC-Karte oder bar zu bezahlen.<\/p>\n\n\n\n<p>Und das erwartet Euch, wenn Ihr im Olympiastadion durch das Ziel lauft:<\/p>\n\n\n\n<figure class=\"wp-block-image size-full\"><img decoding=\"async\" src=\"\/wp-content\/uploads\/sites\/2\/2021\/09\/2-2.jpg\" alt=\"\" class=\"wp-image-5809\" \/><\/figure>\n\n\n\n<p>Die <strong><a href=\"https:\/\/mylaps-registrations.com\/s25berlin_2021\/select_competition\" target=\"_blank\" rel=\"noreferrer noopener\">letzte Anmeldeperiode des S 25 Berlin<\/a><\/strong> steht bevor!<br>Sichert Euch jetzt noch schnell g\u00fcnstigere Preise und registriert Euch bis einschlie\u00dflich Mittwoch, 22. September!<br><\/p>\n\n\n\n<p>Ab 23. September z\u00e4hlen die Preise der Nachmeldung, je nach Distanz sind es dann 3 bis 5 Euro mehr.<\/p>\n\n\n\n<p>Noch ein weiterer Hinweis: Bitte passt Eure <strong>Zielzeit <\/strong>in <a href=\"https:\/\/mylaps-registrations.com\/s25berlin_2021\/check-registration\" target=\"_blank\" rel=\"noreferrer noopener\">Eurem Account<\/a> an, damit Ihr in den richtigen Startblock eingeteilt werdet. Bis zum 26.September k\u00f6nnt ihr die Zeiten und \u00c4nderungen in Eurem Profil anpassen.<br>Wir werden Euch in K\u00fcrze \u00fcber die Startunterlagenausgabe und den Teilnahmevoraussetzungen informieren.<\/p>\n","protected":false},"excerpt":{"rendered":"<p>Liebe L\u00e4uferinnen und L\u00e4ufer, bald geht es endlich los! Der Startschuss f\u00fcr den S 25 Berlin f\u00e4llt am 10. Oktober 2021 vor dem Olympiastadion Berlin. Wir freuen uns riesig, mit Euch durch die Stra\u00dfen Berlins zu laufen&nbsp; und das 40-j\u00e4hrige Jubil\u00e4um des \u00e4ltesten Citylaufs Deutschlands zu feiern. Bis zum heutigen Mittwoch, 22. September, habt Ihr [&hellip;]<\/p>\n","protected":false},"author":1,"featured_media":5808,"comment_status":"closed","ping_status":"closed","sticky":false,"template":"","format":"standard","meta":{"_et_pb_use_builder":"","_et_pb_old_content":"","_et_gb_content_width":"","footnotes":""},"categories":[12],"tags":[],"class_list":["post-5806","post","type-post","status-publish","format-standard","has-post-thumbnail","hentry","category-news"],"yoast_head":"<!-- This site is optimized with the Yoast SEO plugin v27.5 - https:\/\/yoast.com\/product\/yoast-seo-wordpress\/ -->\n<title>S25 Berlin | Countdown: Noch 18 Tage bis zum S 25 Berlin<\/title>\n<meta name=\"robots\" content=\"index, follow, max-snippet:-1, max-image-preview:large, max-video-preview:-1\" \/>\n<link rel=\"canonical\" href=\"https:\/\/berlin-laeuft.de\/s25berlin\/countdown-noch-18-tage-bis-zum-s-25-berlin\/\" \/>\n<meta property=\"og:locale\" content=\"en_US\" \/>\n<meta property=\"og:type\" content=\"article\" \/>\n<meta property=\"og:title\" content=\"S25 Berlin | Countdown: Noch 18 Tage bis zum S 25 Berlin\" \/>\n<meta property=\"og:description\" content=\"Liebe L\u00e4uferinnen und L\u00e4ufer, bald geht es endlich los! Der Startschuss f\u00fcr den S 25 Berlin f\u00e4llt am 10. Oktober 2021 vor dem Olympiastadion Berlin. Wir freuen uns riesig, mit Euch durch die Stra\u00dfen Berlins zu laufen&nbsp; und das 40-j\u00e4hrige Jubil\u00e4um des \u00e4ltesten Citylaufs Deutschlands zu feiern. Bis zum heutigen Mittwoch, 22. September, habt Ihr [&hellip;]\" \/>\n<meta property=\"og:url\" content=\"https:\/\/berlin-laeuft.de\/s25berlin\/countdown-noch-18-tage-bis-zum-s-25-berlin\/\" \/>\n<meta property=\"og:site_name\" content=\"S25 Berlin\" \/>\n<meta property=\"article:published_time\" content=\"2021-09-22T12:02:14+00:00\" \/>\n<meta name=\"author\" content=\"berlinrun\" \/>\n<meta name=\"twitter:card\" content=\"summary_large_image\" \/>\n<meta name=\"twitter:label1\" content=\"Written by\" \/>\n\t<meta name=\"twitter:data1\" content=\"berlinrun\" \/>\n\t<meta name=\"twitter:label2\" content=\"Est. reading time\" \/>\n\t<meta name=\"twitter:data2\" content=\"2 minutes\" \/>\n<script type=\"application\/ld+json\" class=\"yoast-schema-graph\">{\"@context\":\"https:\\\/\\\/schema.org\",\"@graph\":[{\"@type\":\"Article\",\"@id\":\"https:\\\/\\\/berlin-laeuft.de\\\/s25berlin\\\/countdown-noch-18-tage-bis-zum-s-25-berlin\\\/#article\",\"isPartOf\":{\"@id\":\"https:\\\/\\\/berlin-laeuft.de\\\/s25berlin\\\/countdown-noch-18-tage-bis-zum-s-25-berlin\\\/\"},\"author\":{\"name\":\"berlinrun\",\"@id\":\"https:\\\/\\\/berlin-laeuft.de\\\/s25berlin\\\/#\\\/schema\\\/person\\\/808ee79aa5c25c64bb7d210fc460e9ca\"},\"headline\":\"Countdown: Noch 18 Tage bis zum S 25 Berlin\",\"datePublished\":\"2021-09-22T12:02:14+00:00\",\"mainEntityOfPage\":{\"@id\":\"https:\\\/\\\/berlin-laeuft.de\\\/s25berlin\\\/countdown-noch-18-tage-bis-zum-s-25-berlin\\\/\"},\"wordCount\":309,\"publisher\":{\"@id\":\"https:\\\/\\\/berlin-laeuft.de\\\/s25berlin\\\/#organization\"},\"image\":{\"@id\":\"https:\\\/\\\/berlin-laeuft.de\\\/s25berlin\\\/countdown-noch-18-tage-bis-zum-s-25-berlin\\\/#primaryimage\"},\"thumbnailUrl\":\"\",\"articleSection\":[\"News\"],\"inLanguage\":\"en-US\"},{\"@type\":\"WebPage\",\"@id\":\"https:\\\/\\\/berlin-laeuft.de\\\/s25berlin\\\/countdown-noch-18-tage-bis-zum-s-25-berlin\\\/\",\"url\":\"https:\\\/\\\/berlin-laeuft.de\\\/s25berlin\\\/countdown-noch-18-tage-bis-zum-s-25-berlin\\\/\",\"name\":\"S25 Berlin | Countdown: Noch 18 Tage bis zum S 25 Berlin\",\"isPartOf\":{\"@id\":\"https:\\\/\\\/berlin-laeuft.de\\\/s25berlin\\\/#website\"},\"primaryImageOfPage\":{\"@id\":\"https:\\\/\\\/berlin-laeuft.de\\\/s25berlin\\\/countdown-noch-18-tage-bis-zum-s-25-berlin\\\/#primaryimage\"},\"image\":{\"@id\":\"https:\\\/\\\/berlin-laeuft.de\\\/s25berlin\\\/countdown-noch-18-tage-bis-zum-s-25-berlin\\\/#primaryimage\"},\"thumbnailUrl\":\"\",\"datePublished\":\"2021-09-22T12:02:14+00:00\",\"breadcrumb\":{\"@id\":\"https:\\\/\\\/berlin-laeuft.de\\\/s25berlin\\\/countdown-noch-18-tage-bis-zum-s-25-berlin\\\/#breadcrumb\"},\"inLanguage\":\"en-US\",\"potentialAction\":[{\"@type\":\"ReadAction\",\"target\":[\"https:\\\/\\\/berlin-laeuft.de\\\/s25berlin\\\/countdown-noch-18-tage-bis-zum-s-25-berlin\\\/\"]}]},{\"@type\":\"ImageObject\",\"inLanguage\":\"en-US\",\"@id\":\"https:\\\/\\\/berlin-laeuft.de\\\/s25berlin\\\/countdown-noch-18-tage-bis-zum-s-25-berlin\\\/#primaryimage\",\"url\":\"\",\"contentUrl\":\"\"},{\"@type\":\"BreadcrumbList\",\"@id\":\"https:\\\/\\\/berlin-laeuft.de\\\/s25berlin\\\/countdown-noch-18-tage-bis-zum-s-25-berlin\\\/#breadcrumb\",\"itemListElement\":[{\"@type\":\"ListItem\",\"position\":1,\"name\":\"Startseite\",\"item\":\"https:\\\/\\\/berlin-laeuft.de\\\/s25berlin\\\/\"},{\"@type\":\"ListItem\",\"position\":2,\"name\":\"Countdown: Noch 18 Tage bis zum S 25 Berlin\"}]},{\"@type\":\"WebSite\",\"@id\":\"https:\\\/\\\/berlin-laeuft.de\\\/s25berlin\\\/#website\",\"url\":\"https:\\\/\\\/berlin-laeuft.de\\\/s25berlin\\\/\",\"name\":\"S25 Berlin\",\"description\":\"\",\"publisher\":{\"@id\":\"https:\\\/\\\/berlin-laeuft.de\\\/s25berlin\\\/#organization\"},\"potentialAction\":[{\"@type\":\"SearchAction\",\"target\":{\"@type\":\"EntryPoint\",\"urlTemplate\":\"https:\\\/\\\/berlin-laeuft.de\\\/s25berlin\\\/?s={search_term_string}\"},\"query-input\":{\"@type\":\"PropertyValueSpecification\",\"valueRequired\":true,\"valueName\":\"search_term_string\"}}],\"inLanguage\":\"en-US\"},{\"@type\":\"Organization\",\"@id\":\"https:\\\/\\\/berlin-laeuft.de\\\/s25berlin\\\/#organization\",\"name\":\"S25 Berlin\",\"url\":\"https:\\\/\\\/berlin-laeuft.de\\\/s25berlin\\\/\",\"logo\":{\"@type\":\"ImageObject\",\"inLanguage\":\"en-US\",\"@id\":\"https:\\\/\\\/berlin-laeuft.de\\\/s25berlin\\\/#\\\/schema\\\/logo\\\/image\\\/\",\"url\":\"https:\\\/\\\/berlin-laeuft.de\\\/s25berlin\\\/wp-content\\\/uploads\\\/sites\\\/2\\\/logos\\\/s25-logo.svg\",\"contentUrl\":\"https:\\\/\\\/berlin-laeuft.de\\\/s25berlin\\\/wp-content\\\/uploads\\\/sites\\\/2\\\/logos\\\/s25-logo.svg\",\"width\":1,\"height\":1,\"caption\":\"S25 Berlin\"},\"image\":{\"@id\":\"https:\\\/\\\/berlin-laeuft.de\\\/s25berlin\\\/#\\\/schema\\\/logo\\\/image\\\/\"}},{\"@type\":\"Person\",\"@id\":\"https:\\\/\\\/berlin-laeuft.de\\\/s25berlin\\\/#\\\/schema\\\/person\\\/808ee79aa5c25c64bb7d210fc460e9ca\",\"name\":\"berlinrun\",\"sameAs\":[\"https:\\\/\\\/berlinrun.wpengine.com\"],\"url\":\"https:\\\/\\\/berlin-laeuft.de\\\/s25berlin\\\/author\\\/berlinrun\\\/\"}]}<\/script>\n<!-- \/ Yoast SEO plugin. -->","yoast_head_json":{"title":"S25 Berlin | Countdown: Noch 18 Tage bis zum S 25 Berlin","robots":{"index":"index","follow":"follow","max-snippet":"max-snippet:-1","max-image-preview":"max-image-preview:large","max-video-preview":"max-video-preview:-1"},"canonical":"https:\/\/berlin-laeuft.de\/s25berlin\/countdown-noch-18-tage-bis-zum-s-25-berlin\/","og_locale":"en_US","og_type":"article","og_title":"S25 Berlin | Countdown: Noch 18 Tage bis zum S 25 Berlin","og_description":"Liebe L\u00e4uferinnen und L\u00e4ufer, bald geht es endlich los! Der Startschuss f\u00fcr den S 25 Berlin f\u00e4llt am 10. Oktober 2021 vor dem Olympiastadion Berlin. Wir freuen uns riesig, mit Euch durch die Stra\u00dfen Berlins zu laufen&nbsp; und das 40-j\u00e4hrige Jubil\u00e4um des \u00e4ltesten Citylaufs Deutschlands zu feiern. Bis zum heutigen Mittwoch, 22. September, habt Ihr [&hellip;]","og_url":"https:\/\/berlin-laeuft.de\/s25berlin\/countdown-noch-18-tage-bis-zum-s-25-berlin\/","og_site_name":"S25 Berlin","article_published_time":"2021-09-22T12:02:14+00:00","author":"berlinrun","twitter_card":"summary_large_image","twitter_misc":{"Written by":"berlinrun","Est. reading time":"2 minutes"},"schema":{"@context":"https:\/\/schema.org","@graph":[{"@type":"Article","@id":"https:\/\/berlin-laeuft.de\/s25berlin\/countdown-noch-18-tage-bis-zum-s-25-berlin\/#article","isPartOf":{"@id":"https:\/\/berlin-laeuft.de\/s25berlin\/countdown-noch-18-tage-bis-zum-s-25-berlin\/"},"author":{"name":"berlinrun","@id":"https:\/\/berlin-laeuft.de\/s25berlin\/#\/schema\/person\/808ee79aa5c25c64bb7d210fc460e9ca"},"headline":"Countdown: Noch 18 Tage bis zum S 25 Berlin","datePublished":"2021-09-22T12:02:14+00:00","mainEntityOfPage":{"@id":"https:\/\/berlin-laeuft.de\/s25berlin\/countdown-noch-18-tage-bis-zum-s-25-berlin\/"},"wordCount":309,"publisher":{"@id":"https:\/\/berlin-laeuft.de\/s25berlin\/#organization"},"image":{"@id":"https:\/\/berlin-laeuft.de\/s25berlin\/countdown-noch-18-tage-bis-zum-s-25-berlin\/#primaryimage"},"thumbnailUrl":"","articleSection":["News"],"inLanguage":"en-US"},{"@type":"WebPage","@id":"https:\/\/berlin-laeuft.de\/s25berlin\/countdown-noch-18-tage-bis-zum-s-25-berlin\/","url":"https:\/\/berlin-laeuft.de\/s25berlin\/countdown-noch-18-tage-bis-zum-s-25-berlin\/","name":"S25 Berlin | Countdown: Noch 18 Tage bis zum S 25 Berlin","isPartOf":{"@id":"https:\/\/berlin-laeuft.de\/s25berlin\/#website"},"primaryImageOfPage":{"@id":"https:\/\/berlin-laeuft.de\/s25berlin\/countdown-noch-18-tage-bis-zum-s-25-berlin\/#primaryimage"},"image":{"@id":"https:\/\/berlin-laeuft.de\/s25berlin\/countdown-noch-18-tage-bis-zum-s-25-berlin\/#primaryimage"},"thumbnailUrl":"","datePublished":"2021-09-22T12:02:14+00:00","breadcrumb":{"@id":"https:\/\/berlin-laeuft.de\/s25berlin\/countdown-noch-18-tage-bis-zum-s-25-berlin\/#breadcrumb"},"inLanguage":"en-US","potentialAction":[{"@type":"ReadAction","target":["https:\/\/berlin-laeuft.de\/s25berlin\/countdown-noch-18-tage-bis-zum-s-25-berlin\/"]}]},{"@type":"ImageObject","inLanguage":"en-US","@id":"https:\/\/berlin-laeuft.de\/s25berlin\/countdown-noch-18-tage-bis-zum-s-25-berlin\/#primaryimage","url":"","contentUrl":""},{"@type":"BreadcrumbList","@id":"https:\/\/berlin-laeuft.de\/s25berlin\/countdown-noch-18-tage-bis-zum-s-25-berlin\/#breadcrumb","itemListElement":[{"@type":"ListItem","position":1,"name":"Startseite","item":"https:\/\/berlin-laeuft.de\/s25berlin\/"},{"@type":"ListItem","position":2,"name":"Countdown: Noch 18 Tage bis zum S 25 Berlin"}]},{"@type":"WebSite","@id":"https:\/\/berlin-laeuft.de\/s25berlin\/#website","url":"https:\/\/berlin-laeuft.de\/s25berlin\/","name":"S25 Berlin","description":"","publisher":{"@id":"https:\/\/berlin-laeuft.de\/s25berlin\/#organization"},"potentialAction":[{"@type":"SearchAction","target":{"@type":"EntryPoint","urlTemplate":"https:\/\/berlin-laeuft.de\/s25berlin\/?s={search_term_string}"},"query-input":{"@type":"PropertyValueSpecification","valueRequired":true,"valueName":"search_term_string"}}],"inLanguage":"en-US"},{"@type":"Organization","@id":"https:\/\/berlin-laeuft.de\/s25berlin\/#organization","name":"S25 Berlin","url":"https:\/\/berlin-laeuft.de\/s25berlin\/","logo":{"@type":"ImageObject","inLanguage":"en-US","@id":"https:\/\/berlin-laeuft.de\/s25berlin\/#\/schema\/logo\/image\/","url":"https:\/\/berlin-laeuft.de\/s25berlin\/wp-content\/uploads\/sites\/2\/logos\/s25-logo.svg","contentUrl":"https:\/\/berlin-laeuft.de\/s25berlin\/wp-content\/uploads\/sites\/2\/logos\/s25-logo.svg","width":1,"height":1,"caption":"S25 Berlin"},"image":{"@id":"https:\/\/berlin-laeuft.de\/s25berlin\/#\/schema\/logo\/image\/"}},{"@type":"Person","@id":"https:\/\/berlin-laeuft.de\/s25berlin\/#\/schema\/person\/808ee79aa5c25c64bb7d210fc460e9ca","name":"berlinrun","sameAs":["https:\/\/berlinrun.wpengine.com"],"url":"https:\/\/berlin-laeuft.de\/s25berlin\/author\/berlinrun\/"}]}},"_links":{"self":[{"href":"https:\/\/berlin-laeuft.de\/s25berlin\/wp-json\/wp\/v2\/posts\/5806","targetHints":{"allow":["GET"]}}],"collection":[{"href":"https:\/\/berlin-laeuft.de\/s25berlin\/wp-json\/wp\/v2\/posts"}],"about":[{"href":"https:\/\/berlin-laeuft.de\/s25berlin\/wp-json\/wp\/v2\/types\/post"}],"author":[{"embeddable":true,"href":"https:\/\/berlin-laeuft.de\/s25berlin\/wp-json\/wp\/v2\/users\/1"}],"replies":[{"embeddable":true,"href":"https:\/\/berlin-laeuft.de\/s25berlin\/wp-json\/wp\/v2\/comments?post=5806"}],"version-history":[{"count":0,"href":"https:\/\/berlin-laeuft.de\/s25berlin\/wp-json\/wp\/v2\/posts\/5806\/revisions"}],"wp:featuredmedia":[{"embeddable":true,"href":"https:\/\/berlin-laeuft.de\/s25berlin\/wp-json\/"}],"wp:attachment":[{"href":"https:\/\/berlin-laeuft.de\/s25berlin\/wp-json\/wp\/v2\/media?parent=5806"}],"wp:term":[{"taxonomy":"category","embeddable":true,"href":"https:\/\/berlin-laeuft.de\/s25berlin\/wp-json\/wp\/v2\/categories?post=5806"},{"taxonomy":"post_tag","embeddable":true,"href":"https:\/\/berlin-laeuft.de\/s25berlin\/wp-json\/wp\/v2\/tags?post=5806"}],"curies":[{"name":"wp","href":"https:\/\/api.w.org\/{rel}","templated":true}]}}