{"id":7593,"date":"2023-05-15T13:16:40","date_gmt":"2023-05-15T13:16:40","guid":{"rendered":"https:\/\/berlin-laeuft.de\/s25berlin\/?p=7593"},"modified":"2023-07-19T10:32:40","modified_gmt":"2023-07-19T08:32:40","slug":"s-25-berlin-8-500-laufen-beim-s-254-aufneuen-wegen-und-feiern-den-laufsport","status":"publish","type":"post","link":"https:\/\/berlin-laeuft.de\/s25berlin\/s-25-berlin-8-500-laufen-beim-s-254-aufneuen-wegen-und-feiern-den-laufsport\/","title":{"rendered":"S 25 Berlin: 8.500 laufen beim \u201eS 25,4\u201c auf neuen Wegen und feiern den Laufsport"},"content":{"rendered":"\n<p><em>Strecken-Anpassung wegen Kaiserdamm-Sperrung \/ Deutschlands \u00e4ltester Citylauf immer j\u00fcnger \/ Erstmals 600 Kinder am Start \/ Neue f\u00fcnf Kilometer lange \u201eKurzstrecke\u201c<\/em><\/p>\n\n\n\n<p><strong>BERLIN. 8.500 L\u00e4uferinnen und L\u00e4ufer haben am heutigen Sonntag mit dem S 25 Berlin den Sport und eine Premiere gefeiert: Wegen der Kaiserdamm-Sperrung mussten die Aktiven bei der 42. Auflage von Deutschlands \u00e4ltestem Citylauf statt 25 diesmal 25,4 Kilometer laufen. Am schnellsten gelang dies einem Duo aus Kenia. Castor Omwena Mogeni (1:16:18 Stunden) und Morine Gesare Michira (1:27:18) triumphierten. Deborah Sch\u00f6neborn wurde Zweite.<\/strong><\/p>\n\n\n\n<p>\u201eDieser Lauf ist ein Highlight f\u00fcr Berlin. Gemeinsam mit den vielen L\u00e4uferinnen und L\u00e4ufern feiern wir heute die Sportmetropole\u201c, sagte Dr. Nicola B\u00f6cker-Giannini, Berlins Staatssekret\u00e4rin f\u00fcr Sport, die gemeinsam mit Thomas H\u00e4rtel, Pr\u00e4sident des Landessportbunds Berlin, und Ralph Rose von der Berliner Sparkasse den Startschuss gab.<\/p>\n\n\n\n<p>Nach den \u201eGro\u00dfen\u201c (25 km, Halbmarathon, 10 km, 5x5km-Staffel) sowie den Teilnehmenden an der neuen f\u00fcnf Kilometer langen \u201eKurzstrecke\u201c machten sich die 600 Nachwuchs-L\u00e4ufer*innen auf den rund zwei Kilometer langen Kurs in Richtung Berliner Olympiastadion. So viele Kinder nahmen noch nie an dem traditionsreichen Event teil. \u201eWir wollen Berlin bewegen. Und das ist ein tolles Zeichen\u201c, sagte LSB-Pr\u00e4sident Thomas H\u00e4rtel nach dem Start des Kinderlaufs. Ralph Rose von Titel-Sponsor Berliner Sparkasse hob die \u201eherausragende Atmosph\u00e4re\u201c an der Strecke und im Olympiastadion hervor: \u201eWir sind stolz, dass wir dieses Event unterst\u00fctzen d\u00fcrfen. Herzlichen Dank an alle, die diesen tollen Lauf m\u00f6glich machen.\u201c<\/p>\n\n\n\n<p>Die \u201eeinmalige Stimmung\u201c begeisterte auch Deborah \u201eDebbie\u201c Sch\u00f6neborn, die wie im Vorjahr Zweite wurde. \u201eEs ist so ein einmaliges Erlebnis, durch die Stra\u00dfen Berlins zu laufen. So viele Menschen haben wieder meinen Namen gerufen\u201c, schw\u00e4rmte Deborah Sch\u00f6neborn. \u201eUnd erstmals hat mich niemand Rabea genannt\u201c, scherzte die Berlinerin, die gemeinsam mit ihrer derzeit verletzten Zwillingschwester Rabea zu den besten Marathonl\u00e4uferinnen Deutschlands geh\u00f6rt. Bei ihrem Heimspiel musste die Marathon-Team-Europameisterin wie alle weiteren Teilnehmenden (25 km, Halbmarathon) wegen der Kaiserdamm-Sperrung einen 400 Meter langen Umweg \u00fcber die Kantstra\u00dfe in Kauf nehmen.&nbsp; \u201eEs war trotzdem fantastisch. F\u00fcr mich war es heute ein tolles Training, das auf den Stra\u00dfen Berlins viel mehr Spa\u00df macht als im Wald\u201c, sagte Deborah Sch\u00f6neborn. \u201eMeine Uhr hat die kleine Verl\u00e4ngerung aber nat\u00fcrlich bemerkt.\u201c F\u00fcr die 25 Kilometer \u2013 die genaue Zeit wurde 400 Meter vor dem Ziel gemessen \u2013 ben\u00f6tigte die 29-J\u00e4hrige 1:30,51 Stunden.<\/p>\n\n\n\n<p>Schneller war nur die 20 Jahre alte Kenianerin Morine Gesare Michira (1:27:18). Auch bei den M\u00e4nnern triumphierte ein Kenianer: Castor Omwena Mogeni (24 Jahre, 1:16:18) gewann vor seinem Landsmann Simon Mwangi Waithira (26 Jahre, 1:16:26) und Lokalmatador Johannes Motschmann (1:18:25) vom SCC Berlin Marathon-Team. Motschmann lief nach einer Trainingspause aufgrund einer Knieverletzung schneller als erwartet. \u201eEs ist so eine tolle Strecke \u2013 mit den vielen Fans macht es einfach richtig Spa\u00df\u201c, schw\u00e4rmte der 28-J\u00e4hrige. \u201eMit dieser Zeit habe ich gar nicht gerechnet.\u201c<\/p>\n\n\n\n<p><strong>Berlin l\u00e4uft weiter: VOLVO-Tierparklauf und \u201edegewo Great 10K\u201c<\/strong><\/p>\n\n\n\n<p>Der S 25 Berlin geh\u00f6rt zur Serie \u201eBerlin l\u00e4uft!\u201c. Weiter geht\u2019s mit dem VOLVO-Tierparklauf am 9.\/10. September 2023 und dem \u201edegewo Great 10K\u201c am 15. Oktober 2023. Alle Infos und Anmeldung unter <a href=\"http:\/\/www.berlin-laeuft.de\">www.berlin-laeuft.de<\/a>.<\/p>\n\n\n\n<p><strong>Das sind die Siegerinnen und Sieger beim S 25 Berlin 2023<\/strong><\/p>\n\n\n\n<p><strong>25 km Frauen<\/strong><\/p>\n\n\n\n<ol class=\"wp-block-list\" type=\"1\" start=\"1\">\n<li>Morine Gesare Michira (Kenia) 1:27:18<\/li>\n\n\n\n<li>Deborah Sch\u00f6neborn (SCC Berlin) 1:30:51<\/li>\n\n\n\n<li>Katja Fischer (SCC Berlin) 1:36:00<\/li>\n<\/ol>\n\n\n\n<p><strong>25 km M\u00e4nner<\/strong><\/p>\n\n\n\n<ol class=\"wp-block-list\" type=\"1\" start=\"1\">\n<li>Castor Omwena Mogeni (Kenia) 1:16:18<\/li>\n\n\n\n<li>Simon Mwangi Waithira (Kenia) 1:16:26<\/li>\n\n\n\n<li>Johannes Motschmann (SCC Berlin) 1:18:25<\/li>\n<\/ol>\n\n\n\n<p>(Zeiten: 25 km)<\/p>\n\n\n\n<p><strong>Halbmarathon Frauen<\/strong><\/p>\n\n\n\n<ol class=\"wp-block-list\" type=\"1\" start=\"1\">\n<li>Chiara Anisia Judis (LAC Berlin) 1:24:50<\/li>\n\n\n\n<li>Lilly Li\u00dfner (Team Berliner Pilsner) 1:25:24<\/li>\n\n\n\n<li>Carolin Richter (SCC Berlin) 1:26:28<\/li>\n<\/ol>\n\n\n\n<p><strong>Halbmarathon M\u00e4nner<\/strong><\/p>\n\n\n\n<ol class=\"wp-block-list\" type=\"1\" start=\"1\">\n<li>Edgar Mikolajek (SCC Berlin) 1:16:36<\/li>\n\n\n\n<li>Nikolas Hoheisel (Berlin Track Club) 1:18:26<\/li>\n\n\n\n<li>Alexander Simon (Fresh Patterns Collective) 1:19:49<\/li>\n<\/ol>\n\n\n\n<p><strong>10 km Frauen<\/strong><\/p>\n\n\n\n<ol class=\"wp-block-list\" type=\"1\" start=\"1\">\n<li>Hella Haak 38:01<\/li>\n\n\n\n<li>Cheryl White (Berlin Track Club) 40:09<\/li>\n\n\n\n<li>Anastasiia Romanets 40:33<\/li>\n<\/ol>\n\n\n\n<p><strong>10 km M\u00e4nner<\/strong><\/p>\n\n\n\n<ol class=\"wp-block-list\" type=\"1\" start=\"1\">\n<li>Luca Molinari 34:12<\/li>\n\n\n\n<li>Erik Brauer 34:35<\/li>\n\n\n\n<li>Mark Henning (Bridgerunners D\u00fcsseldorf) 35:30<\/li>\n<\/ol>\n\n\n\n<p><strong>5 km Frauen<\/strong><\/p>\n\n\n\n<ol class=\"wp-block-list\" type=\"1\" start=\"1\">\n<li>Marie Knopf 22:17<\/li>\n\n\n\n<li>Janine D\u00fcrnlein (Team Berliner Pilsner) 22:59<\/li>\n\n\n\n<li>Josephine B\u00f6nick 23:06<\/li>\n<\/ol>\n\n\n\n<p><strong>5 km M\u00e4nner<\/strong><\/p>\n\n\n\n<ol class=\"wp-block-list\" type=\"1\" start=\"1\">\n<li>Lance Franke (Team Berliner Pilsner) 15:18<\/li>\n\n\n\n<li>Paul Smith 16:36<\/li>\n\n\n\n<li>Jakob Laszlo Quentin 16:58<\/li>\n<\/ol>\n\n\n\n<p><strong>Sieger 5km-Teamwertung:<\/strong> ASV Zeuthen<\/p>\n\n\n\n<p><strong>Sieger*innen Staffel 5 x 5 km<\/strong><\/p>\n\n\n\n<p>Mixed: SCC Claus Runners 1:36:58<\/p>\n\n\n\n<p>M\u00e4nner: The Renates 1:36:27<\/p>\n\n\n\n<p>Frauen: Middle Distance Berlin 1:53:34<\/p>\n\n\n\n<p><strong>BLDHINWEIS<\/strong><\/p>\n\n\n\n<p>Bild..003: Start des S 25 Berlin 2023 vor dem Berliner Olympiastadion.<\/p>\n\n\n\n<p>Credit: Tilo Wiedensohler \/ TOP Sportevents<\/p>\n\n\n\n<p>Redaktionelle Nutzung des Bildmaterials honorarfrei im Zusammenhang mit der Berichterstattung \u00fcber den S 25 Berlin 2023.&nbsp;<strong><\/strong><\/p>\n","protected":false},"excerpt":{"rendered":"<p>Strecken-Anpassung wegen Kaiserdamm-Sperrung \/ Deutschlands \u00e4ltester Citylauf immer j\u00fcnger \/ Erstmals 600 Kinder am Start \/ Neue f\u00fcnf Kilometer lange \u201eKurzstrecke\u201c BERLIN. 8.500 L\u00e4uferinnen und L\u00e4ufer haben am heutigen Sonntag mit dem S 25 Berlin den Sport und eine Premiere gefeiert: Wegen der Kaiserdamm-Sperrung mussten die Aktiven bei der 42. Auflage von Deutschlands \u00e4ltestem Citylauf [&hellip;]<\/p>\n","protected":false},"author":3,"featured_media":7706,"comment_status":"closed","ping_status":"closed","sticky":false,"template":"","format":"standard","meta":{"_et_pb_use_builder":"","_et_pb_old_content":"","_et_gb_content_width":"","footnotes":""},"categories":[12],"tags":[],"class_list":["post-7593","post","type-post","status-publish","format-standard","has-post-thumbnail","hentry","category-news"],"yoast_head":"<!-- This site is optimized with the Yoast SEO plugin v27.5 - https:\/\/yoast.com\/product\/yoast-seo-wordpress\/ -->\n<title>S25 Berlin | S 25 Berlin: 8.500 laufen beim \u201eS 25,4\u201c auf neuen Wegen und feiern den Laufsport<\/title>\n<meta name=\"robots\" content=\"index, follow, max-snippet:-1, max-image-preview:large, max-video-preview:-1\" \/>\n<link rel=\"canonical\" href=\"https:\/\/berlin-laeuft.de\/s25berlin\/s-25-berlin-8-500-laufen-beim-s-254-aufneuen-wegen-und-feiern-den-laufsport\/\" \/>\n<meta property=\"og:locale\" content=\"en_US\" \/>\n<meta property=\"og:type\" content=\"article\" \/>\n<meta property=\"og:title\" content=\"S25 Berlin | S 25 Berlin: 8.500 laufen beim \u201eS 25,4\u201c auf neuen Wegen und feiern den Laufsport\" \/>\n<meta property=\"og:description\" content=\"Strecken-Anpassung wegen Kaiserdamm-Sperrung \/ Deutschlands \u00e4ltester Citylauf immer j\u00fcnger \/ Erstmals 600 Kinder am Start \/ Neue f\u00fcnf Kilometer lange \u201eKurzstrecke\u201c BERLIN. 8.500 L\u00e4uferinnen und L\u00e4ufer haben am heutigen Sonntag mit dem S 25 Berlin den Sport und eine Premiere gefeiert: Wegen der Kaiserdamm-Sperrung mussten die Aktiven bei der 42. Auflage von Deutschlands \u00e4ltestem Citylauf [&hellip;]\" \/>\n<meta property=\"og:url\" content=\"https:\/\/berlin-laeuft.de\/s25berlin\/s-25-berlin-8-500-laufen-beim-s-254-aufneuen-wegen-und-feiern-den-laufsport\/\" \/>\n<meta property=\"og:site_name\" content=\"S25 Berlin\" \/>\n<meta property=\"article:published_time\" content=\"2023-05-15T13:16:40+00:00\" \/>\n<meta property=\"article:modified_time\" content=\"2023-07-19T08:32:40+00:00\" \/>\n<meta property=\"og:image\" content=\"https:\/\/berlin-laeuft.de\/s25berlin\/wp-content\/uploads\/sites\/2\/c4s25k20230514-003-1.jpg\" \/>\n\t<meta property=\"og:image:width\" content=\"900\" \/>\n\t<meta property=\"og:image:height\" content=\"600\" \/>\n\t<meta property=\"og:image:type\" content=\"image\/jpeg\" \/>\n<meta name=\"author\" content=\"redaktion\" \/>\n<meta name=\"twitter:card\" content=\"summary_large_image\" \/>\n<meta name=\"twitter:label1\" content=\"Written by\" \/>\n\t<meta name=\"twitter:data1\" content=\"redaktion\" \/>\n\t<meta name=\"twitter:label2\" content=\"Est. reading time\" \/>\n\t<meta name=\"twitter:data2\" content=\"4 minutes\" \/>\n<script type=\"application\/ld+json\" class=\"yoast-schema-graph\">{\"@context\":\"https:\\\/\\\/schema.org\",\"@graph\":[{\"@type\":\"Article\",\"@id\":\"https:\\\/\\\/berlin-laeuft.de\\\/s25berlin\\\/s-25-berlin-8-500-laufen-beim-s-254-aufneuen-wegen-und-feiern-den-laufsport\\\/#article\",\"isPartOf\":{\"@id\":\"https:\\\/\\\/berlin-laeuft.de\\\/s25berlin\\\/s-25-berlin-8-500-laufen-beim-s-254-aufneuen-wegen-und-feiern-den-laufsport\\\/\"},\"author\":{\"name\":\"redaktion\",\"@id\":\"https:\\\/\\\/berlin-laeuft.de\\\/s25berlin\\\/#\\\/schema\\\/person\\\/29e76284ed42f6b62e5aefa3023a4fee\"},\"headline\":\"S 25 Berlin: 8.500 laufen beim \u201eS 25,4\u201c auf neuen Wegen und feiern den Laufsport\",\"datePublished\":\"2023-05-15T13:16:40+00:00\",\"dateModified\":\"2023-07-19T08:32:40+00:00\",\"mainEntityOfPage\":{\"@id\":\"https:\\\/\\\/berlin-laeuft.de\\\/s25berlin\\\/s-25-berlin-8-500-laufen-beim-s-254-aufneuen-wegen-und-feiern-den-laufsport\\\/\"},\"wordCount\":701,\"publisher\":{\"@id\":\"https:\\\/\\\/berlin-laeuft.de\\\/s25berlin\\\/#organization\"},\"image\":{\"@id\":\"https:\\\/\\\/berlin-laeuft.de\\\/s25berlin\\\/s-25-berlin-8-500-laufen-beim-s-254-aufneuen-wegen-und-feiern-den-laufsport\\\/#primaryimage\"},\"thumbnailUrl\":\"https:\\\/\\\/berlin-laeuft.de\\\/s25berlin\\\/wp-content\\\/uploads\\\/sites\\\/2\\\/c4s25k20230514-003-1.jpg\",\"articleSection\":[\"News\"],\"inLanguage\":\"en-US\"},{\"@type\":\"WebPage\",\"@id\":\"https:\\\/\\\/berlin-laeuft.de\\\/s25berlin\\\/s-25-berlin-8-500-laufen-beim-s-254-aufneuen-wegen-und-feiern-den-laufsport\\\/\",\"url\":\"https:\\\/\\\/berlin-laeuft.de\\\/s25berlin\\\/s-25-berlin-8-500-laufen-beim-s-254-aufneuen-wegen-und-feiern-den-laufsport\\\/\",\"name\":\"S25 Berlin | S 25 Berlin: 8.500 laufen beim \u201eS 25,4\u201c auf neuen Wegen und feiern den Laufsport\",\"isPartOf\":{\"@id\":\"https:\\\/\\\/berlin-laeuft.de\\\/s25berlin\\\/#website\"},\"primaryImageOfPage\":{\"@id\":\"https:\\\/\\\/berlin-laeuft.de\\\/s25berlin\\\/s-25-berlin-8-500-laufen-beim-s-254-aufneuen-wegen-und-feiern-den-laufsport\\\/#primaryimage\"},\"image\":{\"@id\":\"https:\\\/\\\/berlin-laeuft.de\\\/s25berlin\\\/s-25-berlin-8-500-laufen-beim-s-254-aufneuen-wegen-und-feiern-den-laufsport\\\/#primaryimage\"},\"thumbnailUrl\":\"https:\\\/\\\/berlin-laeuft.de\\\/s25berlin\\\/wp-content\\\/uploads\\\/sites\\\/2\\\/c4s25k20230514-003-1.jpg\",\"datePublished\":\"2023-05-15T13:16:40+00:00\",\"dateModified\":\"2023-07-19T08:32:40+00:00\",\"breadcrumb\":{\"@id\":\"https:\\\/\\\/berlin-laeuft.de\\\/s25berlin\\\/s-25-berlin-8-500-laufen-beim-s-254-aufneuen-wegen-und-feiern-den-laufsport\\\/#breadcrumb\"},\"inLanguage\":\"en-US\",\"potentialAction\":[{\"@type\":\"ReadAction\",\"target\":[\"https:\\\/\\\/berlin-laeuft.de\\\/s25berlin\\\/s-25-berlin-8-500-laufen-beim-s-254-aufneuen-wegen-und-feiern-den-laufsport\\\/\"]}]},{\"@type\":\"ImageObject\",\"inLanguage\":\"en-US\",\"@id\":\"https:\\\/\\\/berlin-laeuft.de\\\/s25berlin\\\/s-25-berlin-8-500-laufen-beim-s-254-aufneuen-wegen-und-feiern-den-laufsport\\\/#primaryimage\",\"url\":\"https:\\\/\\\/berlin-laeuft.de\\\/s25berlin\\\/wp-content\\\/uploads\\\/sites\\\/2\\\/c4s25k20230514-003-1.jpg\",\"contentUrl\":\"https:\\\/\\\/berlin-laeuft.de\\\/s25berlin\\\/wp-content\\\/uploads\\\/sites\\\/2\\\/c4s25k20230514-003-1.jpg\",\"width\":900,\"height\":600},{\"@type\":\"BreadcrumbList\",\"@id\":\"https:\\\/\\\/berlin-laeuft.de\\\/s25berlin\\\/s-25-berlin-8-500-laufen-beim-s-254-aufneuen-wegen-und-feiern-den-laufsport\\\/#breadcrumb\",\"itemListElement\":[{\"@type\":\"ListItem\",\"position\":1,\"name\":\"Startseite\",\"item\":\"https:\\\/\\\/berlin-laeuft.de\\\/s25berlin\\\/\"},{\"@type\":\"ListItem\",\"position\":2,\"name\":\"S 25 Berlin: 8.500 laufen beim \u201eS 25,4\u201c auf neuen Wegen und feiern den Laufsport\"}]},{\"@type\":\"WebSite\",\"@id\":\"https:\\\/\\\/berlin-laeuft.de\\\/s25berlin\\\/#website\",\"url\":\"https:\\\/\\\/berlin-laeuft.de\\\/s25berlin\\\/\",\"name\":\"S25 Berlin\",\"description\":\"\",\"publisher\":{\"@id\":\"https:\\\/\\\/berlin-laeuft.de\\\/s25berlin\\\/#organization\"},\"potentialAction\":[{\"@type\":\"SearchAction\",\"target\":{\"@type\":\"EntryPoint\",\"urlTemplate\":\"https:\\\/\\\/berlin-laeuft.de\\\/s25berlin\\\/?s={search_term_string}\"},\"query-input\":{\"@type\":\"PropertyValueSpecification\",\"valueRequired\":true,\"valueName\":\"search_term_string\"}}],\"inLanguage\":\"en-US\"},{\"@type\":\"Organization\",\"@id\":\"https:\\\/\\\/berlin-laeuft.de\\\/s25berlin\\\/#organization\",\"name\":\"S25 Berlin\",\"url\":\"https:\\\/\\\/berlin-laeuft.de\\\/s25berlin\\\/\",\"logo\":{\"@type\":\"ImageObject\",\"inLanguage\":\"en-US\",\"@id\":\"https:\\\/\\\/berlin-laeuft.de\\\/s25berlin\\\/#\\\/schema\\\/logo\\\/image\\\/\",\"url\":\"https:\\\/\\\/berlin-laeuft.de\\\/s25berlin\\\/wp-content\\\/uploads\\\/sites\\\/2\\\/logos\\\/s25-logo.svg\",\"contentUrl\":\"https:\\\/\\\/berlin-laeuft.de\\\/s25berlin\\\/wp-content\\\/uploads\\\/sites\\\/2\\\/logos\\\/s25-logo.svg\",\"width\":1,\"height\":1,\"caption\":\"S25 Berlin\"},\"image\":{\"@id\":\"https:\\\/\\\/berlin-laeuft.de\\\/s25berlin\\\/#\\\/schema\\\/logo\\\/image\\\/\"}},{\"@type\":\"Person\",\"@id\":\"https:\\\/\\\/berlin-laeuft.de\\\/s25berlin\\\/#\\\/schema\\\/person\\\/29e76284ed42f6b62e5aefa3023a4fee\",\"name\":\"redaktion\",\"url\":\"https:\\\/\\\/berlin-laeuft.de\\\/s25berlin\\\/author\\\/redaktion\\\/\"}]}<\/script>\n<!-- \/ Yoast SEO plugin. -->","yoast_head_json":{"title":"S25 Berlin | S 25 Berlin: 8.500 laufen beim \u201eS 25,4\u201c auf neuen Wegen und feiern den Laufsport","robots":{"index":"index","follow":"follow","max-snippet":"max-snippet:-1","max-image-preview":"max-image-preview:large","max-video-preview":"max-video-preview:-1"},"canonical":"https:\/\/berlin-laeuft.de\/s25berlin\/s-25-berlin-8-500-laufen-beim-s-254-aufneuen-wegen-und-feiern-den-laufsport\/","og_locale":"en_US","og_type":"article","og_title":"S25 Berlin | S 25 Berlin: 8.500 laufen beim \u201eS 25,4\u201c auf neuen Wegen und feiern den Laufsport","og_description":"Strecken-Anpassung wegen Kaiserdamm-Sperrung \/ Deutschlands \u00e4ltester Citylauf immer j\u00fcnger \/ Erstmals 600 Kinder am Start \/ Neue f\u00fcnf Kilometer lange \u201eKurzstrecke\u201c BERLIN. 8.500 L\u00e4uferinnen und L\u00e4ufer haben am heutigen Sonntag mit dem S 25 Berlin den Sport und eine Premiere gefeiert: Wegen der Kaiserdamm-Sperrung mussten die Aktiven bei der 42. Auflage von Deutschlands \u00e4ltestem Citylauf [&hellip;]","og_url":"https:\/\/berlin-laeuft.de\/s25berlin\/s-25-berlin-8-500-laufen-beim-s-254-aufneuen-wegen-und-feiern-den-laufsport\/","og_site_name":"S25 Berlin","article_published_time":"2023-05-15T13:16:40+00:00","article_modified_time":"2023-07-19T08:32:40+00:00","og_image":[{"width":900,"height":600,"url":"https:\/\/berlin-laeuft.de\/s25berlin\/wp-content\/uploads\/sites\/2\/c4s25k20230514-003-1.jpg","type":"image\/jpeg"}],"author":"redaktion","twitter_card":"summary_large_image","twitter_misc":{"Written by":"redaktion","Est. reading time":"4 minutes"},"schema":{"@context":"https:\/\/schema.org","@graph":[{"@type":"Article","@id":"https:\/\/berlin-laeuft.de\/s25berlin\/s-25-berlin-8-500-laufen-beim-s-254-aufneuen-wegen-und-feiern-den-laufsport\/#article","isPartOf":{"@id":"https:\/\/berlin-laeuft.de\/s25berlin\/s-25-berlin-8-500-laufen-beim-s-254-aufneuen-wegen-und-feiern-den-laufsport\/"},"author":{"name":"redaktion","@id":"https:\/\/berlin-laeuft.de\/s25berlin\/#\/schema\/person\/29e76284ed42f6b62e5aefa3023a4fee"},"headline":"S 25 Berlin: 8.500 laufen beim \u201eS 25,4\u201c auf neuen Wegen und feiern den Laufsport","datePublished":"2023-05-15T13:16:40+00:00","dateModified":"2023-07-19T08:32:40+00:00","mainEntityOfPage":{"@id":"https:\/\/berlin-laeuft.de\/s25berlin\/s-25-berlin-8-500-laufen-beim-s-254-aufneuen-wegen-und-feiern-den-laufsport\/"},"wordCount":701,"publisher":{"@id":"https:\/\/berlin-laeuft.de\/s25berlin\/#organization"},"image":{"@id":"https:\/\/berlin-laeuft.de\/s25berlin\/s-25-berlin-8-500-laufen-beim-s-254-aufneuen-wegen-und-feiern-den-laufsport\/#primaryimage"},"thumbnailUrl":"https:\/\/berlin-laeuft.de\/s25berlin\/wp-content\/uploads\/sites\/2\/c4s25k20230514-003-1.jpg","articleSection":["News"],"inLanguage":"en-US"},{"@type":"WebPage","@id":"https:\/\/berlin-laeuft.de\/s25berlin\/s-25-berlin-8-500-laufen-beim-s-254-aufneuen-wegen-und-feiern-den-laufsport\/","url":"https:\/\/berlin-laeuft.de\/s25berlin\/s-25-berlin-8-500-laufen-beim-s-254-aufneuen-wegen-und-feiern-den-laufsport\/","name":"S25 Berlin | S 25 Berlin: 8.500 laufen beim \u201eS 25,4\u201c auf neuen Wegen und feiern den Laufsport","isPartOf":{"@id":"https:\/\/berlin-laeuft.de\/s25berlin\/#website"},"primaryImageOfPage":{"@id":"https:\/\/berlin-laeuft.de\/s25berlin\/s-25-berlin-8-500-laufen-beim-s-254-aufneuen-wegen-und-feiern-den-laufsport\/#primaryimage"},"image":{"@id":"https:\/\/berlin-laeuft.de\/s25berlin\/s-25-berlin-8-500-laufen-beim-s-254-aufneuen-wegen-und-feiern-den-laufsport\/#primaryimage"},"thumbnailUrl":"https:\/\/berlin-laeuft.de\/s25berlin\/wp-content\/uploads\/sites\/2\/c4s25k20230514-003-1.jpg","datePublished":"2023-05-15T13:16:40+00:00","dateModified":"2023-07-19T08:32:40+00:00","breadcrumb":{"@id":"https:\/\/berlin-laeuft.de\/s25berlin\/s-25-berlin-8-500-laufen-beim-s-254-aufneuen-wegen-und-feiern-den-laufsport\/#breadcrumb"},"inLanguage":"en-US","potentialAction":[{"@type":"ReadAction","target":["https:\/\/berlin-laeuft.de\/s25berlin\/s-25-berlin-8-500-laufen-beim-s-254-aufneuen-wegen-und-feiern-den-laufsport\/"]}]},{"@type":"ImageObject","inLanguage":"en-US","@id":"https:\/\/berlin-laeuft.de\/s25berlin\/s-25-berlin-8-500-laufen-beim-s-254-aufneuen-wegen-und-feiern-den-laufsport\/#primaryimage","url":"https:\/\/berlin-laeuft.de\/s25berlin\/wp-content\/uploads\/sites\/2\/c4s25k20230514-003-1.jpg","contentUrl":"https:\/\/berlin-laeuft.de\/s25berlin\/wp-content\/uploads\/sites\/2\/c4s25k20230514-003-1.jpg","width":900,"height":600},{"@type":"BreadcrumbList","@id":"https:\/\/berlin-laeuft.de\/s25berlin\/s-25-berlin-8-500-laufen-beim-s-254-aufneuen-wegen-und-feiern-den-laufsport\/#breadcrumb","itemListElement":[{"@type":"ListItem","position":1,"name":"Startseite","item":"https:\/\/berlin-laeuft.de\/s25berlin\/"},{"@type":"ListItem","position":2,"name":"S 25 Berlin: 8.500 laufen beim \u201eS 25,4\u201c auf neuen Wegen und feiern den Laufsport"}]},{"@type":"WebSite","@id":"https:\/\/berlin-laeuft.de\/s25berlin\/#website","url":"https:\/\/berlin-laeuft.de\/s25berlin\/","name":"S25 Berlin","description":"","publisher":{"@id":"https:\/\/berlin-laeuft.de\/s25berlin\/#organization"},"potentialAction":[{"@type":"SearchAction","target":{"@type":"EntryPoint","urlTemplate":"https:\/\/berlin-laeuft.de\/s25berlin\/?s={search_term_string}"},"query-input":{"@type":"PropertyValueSpecification","valueRequired":true,"valueName":"search_term_string"}}],"inLanguage":"en-US"},{"@type":"Organization","@id":"https:\/\/berlin-laeuft.de\/s25berlin\/#organization","name":"S25 Berlin","url":"https:\/\/berlin-laeuft.de\/s25berlin\/","logo":{"@type":"ImageObject","inLanguage":"en-US","@id":"https:\/\/berlin-laeuft.de\/s25berlin\/#\/schema\/logo\/image\/","url":"https:\/\/berlin-laeuft.de\/s25berlin\/wp-content\/uploads\/sites\/2\/logos\/s25-logo.svg","contentUrl":"https:\/\/berlin-laeuft.de\/s25berlin\/wp-content\/uploads\/sites\/2\/logos\/s25-logo.svg","width":1,"height":1,"caption":"S25 Berlin"},"image":{"@id":"https:\/\/berlin-laeuft.de\/s25berlin\/#\/schema\/logo\/image\/"}},{"@type":"Person","@id":"https:\/\/berlin-laeuft.de\/s25berlin\/#\/schema\/person\/29e76284ed42f6b62e5aefa3023a4fee","name":"redaktion","url":"https:\/\/berlin-laeuft.de\/s25berlin\/author\/redaktion\/"}]}},"_links":{"self":[{"href":"https:\/\/berlin-laeuft.de\/s25berlin\/wp-json\/wp\/v2\/posts\/7593","targetHints":{"allow":["GET"]}}],"collection":[{"href":"https:\/\/berlin-laeuft.de\/s25berlin\/wp-json\/wp\/v2\/posts"}],"about":[{"href":"https:\/\/berlin-laeuft.de\/s25berlin\/wp-json\/wp\/v2\/types\/post"}],"author":[{"embeddable":true,"href":"https:\/\/berlin-laeuft.de\/s25berlin\/wp-json\/wp\/v2\/users\/3"}],"replies":[{"embeddable":true,"href":"https:\/\/berlin-laeuft.de\/s25berlin\/wp-json\/wp\/v2\/comments?post=7593"}],"version-history":[{"count":0,"href":"https:\/\/berlin-laeuft.de\/s25berlin\/wp-json\/wp\/v2\/posts\/7593\/revisions"}],"wp:featuredmedia":[{"embeddable":true,"href":"https:\/\/berlin-laeuft.de\/s25berlin\/wp-json\/wp\/v2\/media\/7706"}],"wp:attachment":[{"href":"https:\/\/berlin-laeuft.de\/s25berlin\/wp-json\/wp\/v2\/media?parent=7593"}],"wp:term":[{"taxonomy":"category","embeddable":true,"href":"https:\/\/berlin-laeuft.de\/s25berlin\/wp-json\/wp\/v2\/categories?post=7593"},{"taxonomy":"post_tag","embeddable":true,"href":"https:\/\/berlin-laeuft.de\/s25berlin\/wp-json\/wp\/v2\/tags?post=7593"}],"curies":[{"name":"wp","href":"https:\/\/api.w.org\/{rel}","templated":true}]}}