{"id":9006,"date":"2026-03-10T16:16:52","date_gmt":"2026-03-10T14:16:52","guid":{"rendered":"https:\/\/berlin-laeuft.de\/s25berlin\/?p=9006"},"modified":"2026-03-10T16:21:24","modified_gmt":"2026-03-10T14:21:24","slug":"s-25-berlin-die-strecke-steht-natur-pur-und-stadion-feeling","status":"publish","type":"post","link":"https:\/\/berlin-laeuft.de\/s25berlin\/s-25-berlin-die-strecke-steht-natur-pur-und-stadion-feeling\/","title":{"rendered":"S 25 Berlin: Die Strecke steht \u2013 Natur pur und Stadion-Feeling!\u00a0"},"content":{"rendered":"\n<p>Es ist offiziell: Wir haben die Streckenf\u00fchrung f\u00fcr den S 25 Berlin finalisiert! Auch in diesem Jahr erwartet Euch ein besonderes Lauferlebnis, das Natur und Sportgeschichte perfekt verbindet. Da die Autobahn-Br\u00fccke am Stadtring A100 weiterhin gesperrt ist, k\u00f6nnen wir &#8211; wie bereits im Vorjahr &#8211; nicht in die Berliner Innenstadt laufen. Wir haben alles daran gesetzt, Euch eine erstklassige Alternative zu bieten!<\/p>\n\n\n\n<ul class=\"wp-block-list\">\n<li><strong>Die 25 km:<\/strong> Der Klassiker f\u00fchrt euch wieder durch die \u201egr\u00fcne Lunge\u201c Berlins \u2013 genie\u00dft die volle Distanz auf den idyllischen Wegen am <strong>Grunewald<\/strong>.<\/li>\n\n\n\n<li><strong>10 km &amp; Halbmarathon:<\/strong> Diese Distanzen finden auf einem attraktiven Rundkurs um das geschichtstr\u00e4chtige <strong>Olympiastadion<\/strong> und durch den <strong>Olympiapark<\/strong> statt. F\u00fcr die Halbmarathon-Strecke absolviert Ihr zwei Runden auf dieser beeindruckenden Strecke.<\/li>\n\n\n\n<li><strong>Bew\u00e4hrtes bleibt:<\/strong> Beim <strong>5 km-Lauf<\/strong>, dem <strong>Teamrun<\/strong> sowie dem <strong>Kinderlauf<\/strong> gibt es keine \u00c4nderungen \u2013 hier setzen wir auf die bekannten und beliebten Wege.<\/li>\n\n\n\n<li>Auch der Zieleinlauf auf der <strong>blauen Weltrekord-Bahn im ikonischen Olympiastadion<\/strong> bleibt das Highlight f\u00fcr alle L\u00e4uferinnen und L\u00e4ufer auf allen Distanzen.<\/li>\n<\/ul>\n\n\n\n<p>Hier findet Ihr die interaktive <a href=\"https:\/\/www.google.com\/maps\/d\/u\/0\/viewer?mid=1dLVHYmWIqVbCJT3OjWTr-fG44Z1ITNM&amp;ll=52.509007677344776%2C13.265645741860714&amp;z=15\"><strong>Streckenkarte<\/strong><\/a>! \u00dcber das Men\u00fc auf der linken Seite, k\u00f6nnt Ihr Euch die einzelnen Distanzen und Streckeninformationen ein- und ausblenden.<\/p>\n\n\n\n<p><strong><a href=\"https:\/\/www.davengo.com\/event\/overview\/s-25-berlin-2026\">Jetzt anmelden und Teil des \u00e4ltesten Citylaufs werden!<\/a><\/strong><\/p>\n","protected":false},"excerpt":{"rendered":"<p>Es ist offiziell: Wir haben die Streckenf\u00fchrung f\u00fcr den S 25 Berlin finalisiert! Auch in diesem Jahr erwartet Euch ein besonderes Lauferlebnis, das Natur und Sportgeschichte perfekt verbindet. Da die Autobahn-Br\u00fccke am Stadtring A100 weiterhin gesperrt ist, k\u00f6nnen wir &#8211; wie bereits im Vorjahr &#8211; nicht in die Berliner Innenstadt laufen. Wir haben alles daran [&hellip;]<\/p>\n","protected":false},"author":3,"featured_media":9007,"comment_status":"closed","ping_status":"closed","sticky":false,"template":"","format":"standard","meta":{"_et_pb_use_builder":"","_et_pb_old_content":"","_et_gb_content_width":"","footnotes":""},"categories":[12,13,1],"tags":[],"class_list":["post-9006","post","type-post","status-publish","format-standard","has-post-thumbnail","hentry","category-news","category-uncategorised","category-unkategorisiert"],"yoast_head":"<!-- This site is optimized with the Yoast SEO plugin v27.5 - https:\/\/yoast.com\/product\/yoast-seo-wordpress\/ -->\n<title>S25 Berlin | S 25 Berlin: Die Strecke steht \u2013 Natur pur und Stadion-Feeling!\u00a0<\/title>\n<meta name=\"robots\" content=\"index, follow, max-snippet:-1, max-image-preview:large, max-video-preview:-1\" \/>\n<link rel=\"canonical\" href=\"https:\/\/berlin-laeuft.de\/s25berlin\/s-25-berlin-die-strecke-steht-natur-pur-und-stadion-feeling\/\" \/>\n<meta property=\"og:locale\" content=\"en_US\" \/>\n<meta property=\"og:type\" content=\"article\" \/>\n<meta property=\"og:title\" content=\"S25 Berlin | S 25 Berlin: Die Strecke steht \u2013 Natur pur und Stadion-Feeling!\u00a0\" \/>\n<meta property=\"og:description\" content=\"Es ist offiziell: Wir haben die Streckenf\u00fchrung f\u00fcr den S 25 Berlin finalisiert! Auch in diesem Jahr erwartet Euch ein besonderes Lauferlebnis, das Natur und Sportgeschichte perfekt verbindet. Da die Autobahn-Br\u00fccke am Stadtring A100 weiterhin gesperrt ist, k\u00f6nnen wir &#8211; wie bereits im Vorjahr &#8211; nicht in die Berliner Innenstadt laufen. Wir haben alles daran [&hellip;]\" \/>\n<meta property=\"og:url\" content=\"https:\/\/berlin-laeuft.de\/s25berlin\/s-25-berlin-die-strecke-steht-natur-pur-und-stadion-feeling\/\" \/>\n<meta property=\"og:site_name\" content=\"S25 Berlin\" \/>\n<meta property=\"article:published_time\" content=\"2026-03-10T14:16:52+00:00\" \/>\n<meta property=\"article:modified_time\" content=\"2026-03-10T14:21:24+00:00\" \/>\n<meta property=\"og:image\" content=\"https:\/\/berlin-laeuft.de\/s25berlin\/wp-content\/uploads\/sites\/2\/s252025.jpg\" \/>\n\t<meta property=\"og:image:width\" content=\"1200\" \/>\n\t<meta property=\"og:image:height\" content=\"800\" \/>\n\t<meta property=\"og:image:type\" content=\"image\/jpeg\" \/>\n<meta name=\"author\" content=\"redaktion\" \/>\n<meta name=\"twitter:card\" content=\"summary_large_image\" \/>\n<meta name=\"twitter:label1\" content=\"Written by\" \/>\n\t<meta name=\"twitter:data1\" content=\"redaktion\" \/>\n\t<meta name=\"twitter:label2\" content=\"Est. reading time\" \/>\n\t<meta name=\"twitter:data2\" content=\"2 minutes\" \/>\n<script type=\"application\/ld+json\" class=\"yoast-schema-graph\">{\"@context\":\"https:\\\/\\\/schema.org\",\"@graph\":[{\"@type\":\"Article\",\"@id\":\"https:\\\/\\\/berlin-laeuft.de\\\/s25berlin\\\/s-25-berlin-die-strecke-steht-natur-pur-und-stadion-feeling\\\/#article\",\"isPartOf\":{\"@id\":\"https:\\\/\\\/berlin-laeuft.de\\\/s25berlin\\\/s-25-berlin-die-strecke-steht-natur-pur-und-stadion-feeling\\\/\"},\"author\":{\"name\":\"redaktion\",\"@id\":\"https:\\\/\\\/berlin-laeuft.de\\\/s25berlin\\\/#\\\/schema\\\/person\\\/29e76284ed42f6b62e5aefa3023a4fee\"},\"headline\":\"S 25 Berlin: Die Strecke steht \u2013 Natur pur und Stadion-Feeling!\u00a0\",\"datePublished\":\"2026-03-10T14:16:52+00:00\",\"dateModified\":\"2026-03-10T14:21:24+00:00\",\"mainEntityOfPage\":{\"@id\":\"https:\\\/\\\/berlin-laeuft.de\\\/s25berlin\\\/s-25-berlin-die-strecke-steht-natur-pur-und-stadion-feeling\\\/\"},\"wordCount\":211,\"publisher\":{\"@id\":\"https:\\\/\\\/berlin-laeuft.de\\\/s25berlin\\\/#organization\"},\"image\":{\"@id\":\"https:\\\/\\\/berlin-laeuft.de\\\/s25berlin\\\/s-25-berlin-die-strecke-steht-natur-pur-und-stadion-feeling\\\/#primaryimage\"},\"thumbnailUrl\":\"https:\\\/\\\/berlin-laeuft.de\\\/s25berlin\\\/wp-content\\\/uploads\\\/sites\\\/2\\\/s252025.jpg\",\"articleSection\":[\"News\",\"Uncategorised\",\"Unkategorisiert\"],\"inLanguage\":\"en-US\"},{\"@type\":\"WebPage\",\"@id\":\"https:\\\/\\\/berlin-laeuft.de\\\/s25berlin\\\/s-25-berlin-die-strecke-steht-natur-pur-und-stadion-feeling\\\/\",\"url\":\"https:\\\/\\\/berlin-laeuft.de\\\/s25berlin\\\/s-25-berlin-die-strecke-steht-natur-pur-und-stadion-feeling\\\/\",\"name\":\"S25 Berlin | S 25 Berlin: Die Strecke steht \u2013 Natur pur und Stadion-Feeling!\u00a0\",\"isPartOf\":{\"@id\":\"https:\\\/\\\/berlin-laeuft.de\\\/s25berlin\\\/#website\"},\"primaryImageOfPage\":{\"@id\":\"https:\\\/\\\/berlin-laeuft.de\\\/s25berlin\\\/s-25-berlin-die-strecke-steht-natur-pur-und-stadion-feeling\\\/#primaryimage\"},\"image\":{\"@id\":\"https:\\\/\\\/berlin-laeuft.de\\\/s25berlin\\\/s-25-berlin-die-strecke-steht-natur-pur-und-stadion-feeling\\\/#primaryimage\"},\"thumbnailUrl\":\"https:\\\/\\\/berlin-laeuft.de\\\/s25berlin\\\/wp-content\\\/uploads\\\/sites\\\/2\\\/s252025.jpg\",\"datePublished\":\"2026-03-10T14:16:52+00:00\",\"dateModified\":\"2026-03-10T14:21:24+00:00\",\"breadcrumb\":{\"@id\":\"https:\\\/\\\/berlin-laeuft.de\\\/s25berlin\\\/s-25-berlin-die-strecke-steht-natur-pur-und-stadion-feeling\\\/#breadcrumb\"},\"inLanguage\":\"en-US\",\"potentialAction\":[{\"@type\":\"ReadAction\",\"target\":[\"https:\\\/\\\/berlin-laeuft.de\\\/s25berlin\\\/s-25-berlin-die-strecke-steht-natur-pur-und-stadion-feeling\\\/\"]}]},{\"@type\":\"ImageObject\",\"inLanguage\":\"en-US\",\"@id\":\"https:\\\/\\\/berlin-laeuft.de\\\/s25berlin\\\/s-25-berlin-die-strecke-steht-natur-pur-und-stadion-feeling\\\/#primaryimage\",\"url\":\"https:\\\/\\\/berlin-laeuft.de\\\/s25berlin\\\/wp-content\\\/uploads\\\/sites\\\/2\\\/s252025.jpg\",\"contentUrl\":\"https:\\\/\\\/berlin-laeuft.de\\\/s25berlin\\\/wp-content\\\/uploads\\\/sites\\\/2\\\/s252025.jpg\",\"width\":1200,\"height\":800},{\"@type\":\"BreadcrumbList\",\"@id\":\"https:\\\/\\\/berlin-laeuft.de\\\/s25berlin\\\/s-25-berlin-die-strecke-steht-natur-pur-und-stadion-feeling\\\/#breadcrumb\",\"itemListElement\":[{\"@type\":\"ListItem\",\"position\":1,\"name\":\"Startseite\",\"item\":\"https:\\\/\\\/berlin-laeuft.de\\\/s25berlin\\\/\"},{\"@type\":\"ListItem\",\"position\":2,\"name\":\"S 25 Berlin: Die Strecke steht \u2013 Natur pur und Stadion-Feeling!\u00a0\"}]},{\"@type\":\"WebSite\",\"@id\":\"https:\\\/\\\/berlin-laeuft.de\\\/s25berlin\\\/#website\",\"url\":\"https:\\\/\\\/berlin-laeuft.de\\\/s25berlin\\\/\",\"name\":\"S25 Berlin\",\"description\":\"\",\"publisher\":{\"@id\":\"https:\\\/\\\/berlin-laeuft.de\\\/s25berlin\\\/#organization\"},\"potentialAction\":[{\"@type\":\"SearchAction\",\"target\":{\"@type\":\"EntryPoint\",\"urlTemplate\":\"https:\\\/\\\/berlin-laeuft.de\\\/s25berlin\\\/?s={search_term_string}\"},\"query-input\":{\"@type\":\"PropertyValueSpecification\",\"valueRequired\":true,\"valueName\":\"search_term_string\"}}],\"inLanguage\":\"en-US\"},{\"@type\":\"Organization\",\"@id\":\"https:\\\/\\\/berlin-laeuft.de\\\/s25berlin\\\/#organization\",\"name\":\"S25 Berlin\",\"url\":\"https:\\\/\\\/berlin-laeuft.de\\\/s25berlin\\\/\",\"logo\":{\"@type\":\"ImageObject\",\"inLanguage\":\"en-US\",\"@id\":\"https:\\\/\\\/berlin-laeuft.de\\\/s25berlin\\\/#\\\/schema\\\/logo\\\/image\\\/\",\"url\":\"https:\\\/\\\/berlin-laeuft.de\\\/s25berlin\\\/wp-content\\\/uploads\\\/sites\\\/2\\\/logos\\\/s25-logo.svg\",\"contentUrl\":\"https:\\\/\\\/berlin-laeuft.de\\\/s25berlin\\\/wp-content\\\/uploads\\\/sites\\\/2\\\/logos\\\/s25-logo.svg\",\"width\":1,\"height\":1,\"caption\":\"S25 Berlin\"},\"image\":{\"@id\":\"https:\\\/\\\/berlin-laeuft.de\\\/s25berlin\\\/#\\\/schema\\\/logo\\\/image\\\/\"}},{\"@type\":\"Person\",\"@id\":\"https:\\\/\\\/berlin-laeuft.de\\\/s25berlin\\\/#\\\/schema\\\/person\\\/29e76284ed42f6b62e5aefa3023a4fee\",\"name\":\"redaktion\",\"url\":\"https:\\\/\\\/berlin-laeuft.de\\\/s25berlin\\\/author\\\/redaktion\\\/\"}]}<\/script>\n<!-- \/ Yoast SEO plugin. -->","yoast_head_json":{"title":"S25 Berlin | S 25 Berlin: Die Strecke steht \u2013 Natur pur und Stadion-Feeling!\u00a0","robots":{"index":"index","follow":"follow","max-snippet":"max-snippet:-1","max-image-preview":"max-image-preview:large","max-video-preview":"max-video-preview:-1"},"canonical":"https:\/\/berlin-laeuft.de\/s25berlin\/s-25-berlin-die-strecke-steht-natur-pur-und-stadion-feeling\/","og_locale":"en_US","og_type":"article","og_title":"S25 Berlin | S 25 Berlin: Die Strecke steht \u2013 Natur pur und Stadion-Feeling!\u00a0","og_description":"Es ist offiziell: Wir haben die Streckenf\u00fchrung f\u00fcr den S 25 Berlin finalisiert! Auch in diesem Jahr erwartet Euch ein besonderes Lauferlebnis, das Natur und Sportgeschichte perfekt verbindet. Da die Autobahn-Br\u00fccke am Stadtring A100 weiterhin gesperrt ist, k\u00f6nnen wir &#8211; wie bereits im Vorjahr &#8211; nicht in die Berliner Innenstadt laufen. Wir haben alles daran [&hellip;]","og_url":"https:\/\/berlin-laeuft.de\/s25berlin\/s-25-berlin-die-strecke-steht-natur-pur-und-stadion-feeling\/","og_site_name":"S25 Berlin","article_published_time":"2026-03-10T14:16:52+00:00","article_modified_time":"2026-03-10T14:21:24+00:00","og_image":[{"width":1200,"height":800,"url":"https:\/\/berlin-laeuft.de\/s25berlin\/wp-content\/uploads\/sites\/2\/s252025.jpg","type":"image\/jpeg"}],"author":"redaktion","twitter_card":"summary_large_image","twitter_misc":{"Written by":"redaktion","Est. reading time":"2 minutes"},"schema":{"@context":"https:\/\/schema.org","@graph":[{"@type":"Article","@id":"https:\/\/berlin-laeuft.de\/s25berlin\/s-25-berlin-die-strecke-steht-natur-pur-und-stadion-feeling\/#article","isPartOf":{"@id":"https:\/\/berlin-laeuft.de\/s25berlin\/s-25-berlin-die-strecke-steht-natur-pur-und-stadion-feeling\/"},"author":{"name":"redaktion","@id":"https:\/\/berlin-laeuft.de\/s25berlin\/#\/schema\/person\/29e76284ed42f6b62e5aefa3023a4fee"},"headline":"S 25 Berlin: Die Strecke steht \u2013 Natur pur und Stadion-Feeling!\u00a0","datePublished":"2026-03-10T14:16:52+00:00","dateModified":"2026-03-10T14:21:24+00:00","mainEntityOfPage":{"@id":"https:\/\/berlin-laeuft.de\/s25berlin\/s-25-berlin-die-strecke-steht-natur-pur-und-stadion-feeling\/"},"wordCount":211,"publisher":{"@id":"https:\/\/berlin-laeuft.de\/s25berlin\/#organization"},"image":{"@id":"https:\/\/berlin-laeuft.de\/s25berlin\/s-25-berlin-die-strecke-steht-natur-pur-und-stadion-feeling\/#primaryimage"},"thumbnailUrl":"https:\/\/berlin-laeuft.de\/s25berlin\/wp-content\/uploads\/sites\/2\/s252025.jpg","articleSection":["News","Uncategorised","Unkategorisiert"],"inLanguage":"en-US"},{"@type":"WebPage","@id":"https:\/\/berlin-laeuft.de\/s25berlin\/s-25-berlin-die-strecke-steht-natur-pur-und-stadion-feeling\/","url":"https:\/\/berlin-laeuft.de\/s25berlin\/s-25-berlin-die-strecke-steht-natur-pur-und-stadion-feeling\/","name":"S25 Berlin | S 25 Berlin: Die Strecke steht \u2013 Natur pur und Stadion-Feeling!\u00a0","isPartOf":{"@id":"https:\/\/berlin-laeuft.de\/s25berlin\/#website"},"primaryImageOfPage":{"@id":"https:\/\/berlin-laeuft.de\/s25berlin\/s-25-berlin-die-strecke-steht-natur-pur-und-stadion-feeling\/#primaryimage"},"image":{"@id":"https:\/\/berlin-laeuft.de\/s25berlin\/s-25-berlin-die-strecke-steht-natur-pur-und-stadion-feeling\/#primaryimage"},"thumbnailUrl":"https:\/\/berlin-laeuft.de\/s25berlin\/wp-content\/uploads\/sites\/2\/s252025.jpg","datePublished":"2026-03-10T14:16:52+00:00","dateModified":"2026-03-10T14:21:24+00:00","breadcrumb":{"@id":"https:\/\/berlin-laeuft.de\/s25berlin\/s-25-berlin-die-strecke-steht-natur-pur-und-stadion-feeling\/#breadcrumb"},"inLanguage":"en-US","potentialAction":[{"@type":"ReadAction","target":["https:\/\/berlin-laeuft.de\/s25berlin\/s-25-berlin-die-strecke-steht-natur-pur-und-stadion-feeling\/"]}]},{"@type":"ImageObject","inLanguage":"en-US","@id":"https:\/\/berlin-laeuft.de\/s25berlin\/s-25-berlin-die-strecke-steht-natur-pur-und-stadion-feeling\/#primaryimage","url":"https:\/\/berlin-laeuft.de\/s25berlin\/wp-content\/uploads\/sites\/2\/s252025.jpg","contentUrl":"https:\/\/berlin-laeuft.de\/s25berlin\/wp-content\/uploads\/sites\/2\/s252025.jpg","width":1200,"height":800},{"@type":"BreadcrumbList","@id":"https:\/\/berlin-laeuft.de\/s25berlin\/s-25-berlin-die-strecke-steht-natur-pur-und-stadion-feeling\/#breadcrumb","itemListElement":[{"@type":"ListItem","position":1,"name":"Startseite","item":"https:\/\/berlin-laeuft.de\/s25berlin\/"},{"@type":"ListItem","position":2,"name":"S 25 Berlin: Die Strecke steht \u2013 Natur pur und Stadion-Feeling!\u00a0"}]},{"@type":"WebSite","@id":"https:\/\/berlin-laeuft.de\/s25berlin\/#website","url":"https:\/\/berlin-laeuft.de\/s25berlin\/","name":"S25 Berlin","description":"","publisher":{"@id":"https:\/\/berlin-laeuft.de\/s25berlin\/#organization"},"potentialAction":[{"@type":"SearchAction","target":{"@type":"EntryPoint","urlTemplate":"https:\/\/berlin-laeuft.de\/s25berlin\/?s={search_term_string}"},"query-input":{"@type":"PropertyValueSpecification","valueRequired":true,"valueName":"search_term_string"}}],"inLanguage":"en-US"},{"@type":"Organization","@id":"https:\/\/berlin-laeuft.de\/s25berlin\/#organization","name":"S25 Berlin","url":"https:\/\/berlin-laeuft.de\/s25berlin\/","logo":{"@type":"ImageObject","inLanguage":"en-US","@id":"https:\/\/berlin-laeuft.de\/s25berlin\/#\/schema\/logo\/image\/","url":"https:\/\/berlin-laeuft.de\/s25berlin\/wp-content\/uploads\/sites\/2\/logos\/s25-logo.svg","contentUrl":"https:\/\/berlin-laeuft.de\/s25berlin\/wp-content\/uploads\/sites\/2\/logos\/s25-logo.svg","width":1,"height":1,"caption":"S25 Berlin"},"image":{"@id":"https:\/\/berlin-laeuft.de\/s25berlin\/#\/schema\/logo\/image\/"}},{"@type":"Person","@id":"https:\/\/berlin-laeuft.de\/s25berlin\/#\/schema\/person\/29e76284ed42f6b62e5aefa3023a4fee","name":"redaktion","url":"https:\/\/berlin-laeuft.de\/s25berlin\/author\/redaktion\/"}]}},"_links":{"self":[{"href":"https:\/\/berlin-laeuft.de\/s25berlin\/wp-json\/wp\/v2\/posts\/9006","targetHints":{"allow":["GET"]}}],"collection":[{"href":"https:\/\/berlin-laeuft.de\/s25berlin\/wp-json\/wp\/v2\/posts"}],"about":[{"href":"https:\/\/berlin-laeuft.de\/s25berlin\/wp-json\/wp\/v2\/types\/post"}],"author":[{"embeddable":true,"href":"https:\/\/berlin-laeuft.de\/s25berlin\/wp-json\/wp\/v2\/users\/3"}],"replies":[{"embeddable":true,"href":"https:\/\/berlin-laeuft.de\/s25berlin\/wp-json\/wp\/v2\/comments?post=9006"}],"version-history":[{"count":2,"href":"https:\/\/berlin-laeuft.de\/s25berlin\/wp-json\/wp\/v2\/posts\/9006\/revisions"}],"predecessor-version":[{"id":9013,"href":"https:\/\/berlin-laeuft.de\/s25berlin\/wp-json\/wp\/v2\/posts\/9006\/revisions\/9013"}],"wp:featuredmedia":[{"embeddable":true,"href":"https:\/\/berlin-laeuft.de\/s25berlin\/wp-json\/wp\/v2\/media\/9007"}],"wp:attachment":[{"href":"https:\/\/berlin-laeuft.de\/s25berlin\/wp-json\/wp\/v2\/media?parent=9006"}],"wp:term":[{"taxonomy":"category","embeddable":true,"href":"https:\/\/berlin-laeuft.de\/s25berlin\/wp-json\/wp\/v2\/categories?post=9006"},{"taxonomy":"post_tag","embeddable":true,"href":"https:\/\/berlin-laeuft.de\/s25berlin\/wp-json\/wp\/v2\/tags?post=9006"}],"curies":[{"name":"wp","href":"https:\/\/api.w.org\/{rel}","templated":true}]}}