{"id":1019,"date":"2023-11-30T18:00:03","date_gmt":"2023-11-30T17:00:03","guid":{"rendered":"https:\/\/berlin-laeuft.de\/tierparklauf\/?p=1019"},"modified":"2023-11-30T18:00:11","modified_gmt":"2023-11-30T17:00:11","slug":"berlin-laeuft-adventskalender","status":"publish","type":"post","link":"https:\/\/berlin-laeuft.de\/tierparklauf\/berlin-laeuft-adventskalender\/","title":{"rendered":"&#8222;Berlin l\u00e4uft!&#8220;-Adventskalender"},"content":{"rendered":"\n<p>Wir freuen uns Euch mitteilen\u00a0zu k\u00f6nnen, dass wir auf unseren Social Media Accounts bei Facebook und Instagram f\u00fcr den Dezember einen Adventskalender ver\u00f6ffentlichen. Jeden Tag erwartet Euch ein neues, spannendes T\u00fcrchen hinter dem sich SportlerInnen, ExpertInnen, Empfehlungen und andere \u00dcberraschungen verstecken. Freut Euch auf besondere Advents-Specials!\u00a0<\/p>\n\n\n\n<p class=\"has-text-align-center\"><a href=\"https:\/\/www.instagram.com\/berlinlaeuft\/\">Instagram<\/a>                <a href=\"https:\/\/www.facebook.com\/Berlinlaeuft\/\">Facebook<\/a><\/p>\n\n\n\n<p>Euer \u201cBerlin l\u00e4uft!\u201d-Team<\/p>\n","protected":false},"excerpt":{"rendered":"<p>Wir freuen uns Euch mitteilen\u00a0zu k\u00f6nnen, dass wir auf unseren Social Media Accounts bei Facebook und Instagram f\u00fcr den Dezember einen Adventskalender ver\u00f6ffentlichen. Jeden Tag erwartet Euch ein neues, spannendes T\u00fcrchen hinter dem sich SportlerInnen, ExpertInnen, Empfehlungen und andere \u00dcberraschungen verstecken. Freut Euch auf besondere Advents-Specials!\u00a0 Instagram Facebook Euer \u201cBerlin l\u00e4uft!\u201d-Team<\/p>\n","protected":false},"author":3,"featured_media":1020,"comment_status":"closed","ping_status":"closed","sticky":false,"template":"","format":"standard","meta":{"_et_pb_use_builder":"","_et_pb_old_content":"","_et_gb_content_width":"","footnotes":""},"categories":[1],"tags":[],"class_list":["post-1019","post","type-post","status-publish","format-standard","has-post-thumbnail","hentry","category-unkategorisiert"],"yoast_head":"<!-- This site is optimized with the Yoast SEO plugin v27.4 - https:\/\/yoast.com\/product\/yoast-seo-wordpress\/ -->\n<title>&quot;Berlin l\u00e4uft!&quot;-Adventskalender | Volvo Tierparklauf<\/title>\n<meta name=\"robots\" content=\"index, follow, max-snippet:-1, max-image-preview:large, max-video-preview:-1\" \/>\n<link rel=\"canonical\" href=\"https:\/\/berlin-laeuft.de\/tierparklauf\/berlin-laeuft-adventskalender\/\" \/>\n<meta property=\"og:locale\" content=\"de_DE\" \/>\n<meta property=\"og:type\" content=\"article\" \/>\n<meta property=\"og:title\" content=\"&quot;Berlin l\u00e4uft!&quot;-Adventskalender | Volvo Tierparklauf\" \/>\n<meta property=\"og:description\" content=\"Wir freuen uns Euch mitteilen\u00a0zu k\u00f6nnen, dass wir auf unseren Social Media Accounts bei Facebook und Instagram f\u00fcr den Dezember einen Adventskalender ver\u00f6ffentlichen. Jeden Tag erwartet Euch ein neues, spannendes T\u00fcrchen hinter dem sich SportlerInnen, ExpertInnen, Empfehlungen und andere \u00dcberraschungen verstecken. Freut Euch auf besondere Advents-Specials!\u00a0 Instagram Facebook Euer \u201cBerlin l\u00e4uft!\u201d-Team\" \/>\n<meta property=\"og:url\" content=\"https:\/\/berlin-laeuft.de\/tierparklauf\/berlin-laeuft-adventskalender\/\" \/>\n<meta property=\"og:site_name\" content=\"Volvo Tierparklauf\" \/>\n<meta property=\"article:publisher\" content=\"https:\/\/www.facebook.com\/Berlinlaeuft\/\" \/>\n<meta property=\"article:published_time\" content=\"2023-11-30T17:00:03+00:00\" \/>\n<meta property=\"article:modified_time\" content=\"2023-11-30T17:00:11+00:00\" \/>\n<meta property=\"og:image\" content=\"https:\/\/berlin-laeuft.de\/tierparklauf\/wp-content\/uploads\/sites\/3\/adventskalender.png\" \/>\n\t<meta property=\"og:image:width\" content=\"1200\" \/>\n\t<meta property=\"og:image:height\" content=\"800\" \/>\n\t<meta property=\"og:image:type\" content=\"image\/png\" \/>\n<meta name=\"author\" content=\"redaktion\" \/>\n<meta name=\"twitter:card\" content=\"summary_large_image\" \/>\n<meta name=\"twitter:label1\" content=\"Verfasst von\" \/>\n\t<meta name=\"twitter:data1\" content=\"redaktion\" \/>\n\t<meta name=\"twitter:label2\" content=\"Gesch\u00e4tzte Lesezeit\" \/>\n\t<meta name=\"twitter:data2\" content=\"1\u00a0Minute\" \/>\n<script type=\"application\/ld+json\" class=\"yoast-schema-graph\">{\"@context\":\"https:\\\/\\\/schema.org\",\"@graph\":[{\"@type\":\"Article\",\"@id\":\"https:\\\/\\\/berlin-laeuft.de\\\/tierparklauf\\\/berlin-laeuft-adventskalender\\\/#article\",\"isPartOf\":{\"@id\":\"https:\\\/\\\/berlin-laeuft.de\\\/tierparklauf\\\/berlin-laeuft-adventskalender\\\/\"},\"author\":{\"name\":\"redaktion\",\"@id\":\"https:\\\/\\\/berlin-laeuft.de\\\/tierparklauf\\\/#\\\/schema\\\/person\\\/29e76284ed42f6b62e5aefa3023a4fee\"},\"headline\":\"&#8222;Berlin l\u00e4uft!&#8220;-Adventskalender\",\"datePublished\":\"2023-11-30T17:00:03+00:00\",\"dateModified\":\"2023-11-30T17:00:11+00:00\",\"mainEntityOfPage\":{\"@id\":\"https:\\\/\\\/berlin-laeuft.de\\\/tierparklauf\\\/berlin-laeuft-adventskalender\\\/\"},\"wordCount\":62,\"publisher\":{\"@id\":\"https:\\\/\\\/berlin-laeuft.de\\\/tierparklauf\\\/#organization\"},\"image\":{\"@id\":\"https:\\\/\\\/berlin-laeuft.de\\\/tierparklauf\\\/berlin-laeuft-adventskalender\\\/#primaryimage\"},\"thumbnailUrl\":\"https:\\\/\\\/berlin-laeuft.de\\\/tierparklauf\\\/wp-content\\\/uploads\\\/sites\\\/3\\\/adventskalender.png\",\"articleSection\":[\"Unkategorisiert\"],\"inLanguage\":\"de\"},{\"@type\":\"WebPage\",\"@id\":\"https:\\\/\\\/berlin-laeuft.de\\\/tierparklauf\\\/berlin-laeuft-adventskalender\\\/\",\"url\":\"https:\\\/\\\/berlin-laeuft.de\\\/tierparklauf\\\/berlin-laeuft-adventskalender\\\/\",\"name\":\"\\\"Berlin l\u00e4uft!\\\"-Adventskalender | Volvo Tierparklauf\",\"isPartOf\":{\"@id\":\"https:\\\/\\\/berlin-laeuft.de\\\/tierparklauf\\\/#website\"},\"primaryImageOfPage\":{\"@id\":\"https:\\\/\\\/berlin-laeuft.de\\\/tierparklauf\\\/berlin-laeuft-adventskalender\\\/#primaryimage\"},\"image\":{\"@id\":\"https:\\\/\\\/berlin-laeuft.de\\\/tierparklauf\\\/berlin-laeuft-adventskalender\\\/#primaryimage\"},\"thumbnailUrl\":\"https:\\\/\\\/berlin-laeuft.de\\\/tierparklauf\\\/wp-content\\\/uploads\\\/sites\\\/3\\\/adventskalender.png\",\"datePublished\":\"2023-11-30T17:00:03+00:00\",\"dateModified\":\"2023-11-30T17:00:11+00:00\",\"breadcrumb\":{\"@id\":\"https:\\\/\\\/berlin-laeuft.de\\\/tierparklauf\\\/berlin-laeuft-adventskalender\\\/#breadcrumb\"},\"inLanguage\":\"de\",\"potentialAction\":[{\"@type\":\"ReadAction\",\"target\":[\"https:\\\/\\\/berlin-laeuft.de\\\/tierparklauf\\\/berlin-laeuft-adventskalender\\\/\"]}]},{\"@type\":\"ImageObject\",\"inLanguage\":\"de\",\"@id\":\"https:\\\/\\\/berlin-laeuft.de\\\/tierparklauf\\\/berlin-laeuft-adventskalender\\\/#primaryimage\",\"url\":\"https:\\\/\\\/berlin-laeuft.de\\\/tierparklauf\\\/wp-content\\\/uploads\\\/sites\\\/3\\\/adventskalender.png\",\"contentUrl\":\"https:\\\/\\\/berlin-laeuft.de\\\/tierparklauf\\\/wp-content\\\/uploads\\\/sites\\\/3\\\/adventskalender.png\",\"width\":1200,\"height\":800},{\"@type\":\"BreadcrumbList\",\"@id\":\"https:\\\/\\\/berlin-laeuft.de\\\/tierparklauf\\\/berlin-laeuft-adventskalender\\\/#breadcrumb\",\"itemListElement\":[{\"@type\":\"ListItem\",\"position\":1,\"name\":\"Startseite\",\"item\":\"https:\\\/\\\/berlin-laeuft.de\\\/tierparklauf\\\/\"},{\"@type\":\"ListItem\",\"position\":2,\"name\":\"&#8222;Berlin l\u00e4uft!&#8220;-Adventskalender\"}]},{\"@type\":\"WebSite\",\"@id\":\"https:\\\/\\\/berlin-laeuft.de\\\/tierparklauf\\\/#website\",\"url\":\"https:\\\/\\\/berlin-laeuft.de\\\/tierparklauf\\\/\",\"name\":\"Volvo Tierparklauf\",\"description\":\"\",\"publisher\":{\"@id\":\"https:\\\/\\\/berlin-laeuft.de\\\/tierparklauf\\\/#organization\"},\"potentialAction\":[{\"@type\":\"SearchAction\",\"target\":{\"@type\":\"EntryPoint\",\"urlTemplate\":\"https:\\\/\\\/berlin-laeuft.de\\\/tierparklauf\\\/?s={search_term_string}\"},\"query-input\":{\"@type\":\"PropertyValueSpecification\",\"valueRequired\":true,\"valueName\":\"search_term_string\"}}],\"inLanguage\":\"de\"},{\"@type\":\"Organization\",\"@id\":\"https:\\\/\\\/berlin-laeuft.de\\\/tierparklauf\\\/#organization\",\"name\":\"Volvo Tierparklauf\",\"url\":\"https:\\\/\\\/berlin-laeuft.de\\\/tierparklauf\\\/\",\"logo\":{\"@type\":\"ImageObject\",\"inLanguage\":\"de\",\"@id\":\"https:\\\/\\\/berlin-laeuft.de\\\/tierparklauf\\\/#\\\/schema\\\/logo\\\/image\\\/\",\"url\":\"https:\\\/\\\/berlin-laeuft.de\\\/tierparklauf\\\/wp-content\\\/uploads\\\/sites\\\/3\\\/tierparklauf-logo.png\",\"contentUrl\":\"https:\\\/\\\/berlin-laeuft.de\\\/tierparklauf\\\/wp-content\\\/uploads\\\/sites\\\/3\\\/tierparklauf-logo.png\",\"width\":500,\"height\":200,\"caption\":\"Volvo Tierparklauf\"},\"image\":{\"@id\":\"https:\\\/\\\/berlin-laeuft.de\\\/tierparklauf\\\/#\\\/schema\\\/logo\\\/image\\\/\"},\"sameAs\":[\"https:\\\/\\\/www.facebook.com\\\/Berlinlaeuft\\\/\"]},{\"@type\":\"Person\",\"@id\":\"https:\\\/\\\/berlin-laeuft.de\\\/tierparklauf\\\/#\\\/schema\\\/person\\\/29e76284ed42f6b62e5aefa3023a4fee\",\"name\":\"redaktion\",\"url\":\"https:\\\/\\\/berlin-laeuft.de\\\/tierparklauf\\\/author\\\/redaktion\\\/\"}]}<\/script>\n<!-- \/ Yoast SEO plugin. -->","yoast_head_json":{"title":"\"Berlin l\u00e4uft!\"-Adventskalender | Volvo Tierparklauf","robots":{"index":"index","follow":"follow","max-snippet":"max-snippet:-1","max-image-preview":"max-image-preview:large","max-video-preview":"max-video-preview:-1"},"canonical":"https:\/\/berlin-laeuft.de\/tierparklauf\/berlin-laeuft-adventskalender\/","og_locale":"de_DE","og_type":"article","og_title":"\"Berlin l\u00e4uft!\"-Adventskalender | Volvo Tierparklauf","og_description":"Wir freuen uns Euch mitteilen\u00a0zu k\u00f6nnen, dass wir auf unseren Social Media Accounts bei Facebook und Instagram f\u00fcr den Dezember einen Adventskalender ver\u00f6ffentlichen. Jeden Tag erwartet Euch ein neues, spannendes T\u00fcrchen hinter dem sich SportlerInnen, ExpertInnen, Empfehlungen und andere \u00dcberraschungen verstecken. Freut Euch auf besondere Advents-Specials!\u00a0 Instagram Facebook Euer \u201cBerlin l\u00e4uft!\u201d-Team","og_url":"https:\/\/berlin-laeuft.de\/tierparklauf\/berlin-laeuft-adventskalender\/","og_site_name":"Volvo Tierparklauf","article_publisher":"https:\/\/www.facebook.com\/Berlinlaeuft\/","article_published_time":"2023-11-30T17:00:03+00:00","article_modified_time":"2023-11-30T17:00:11+00:00","og_image":[{"width":1200,"height":800,"url":"https:\/\/berlin-laeuft.de\/tierparklauf\/wp-content\/uploads\/sites\/3\/adventskalender.png","type":"image\/png"}],"author":"redaktion","twitter_card":"summary_large_image","twitter_misc":{"Verfasst von":"redaktion","Gesch\u00e4tzte Lesezeit":"1\u00a0Minute"},"schema":{"@context":"https:\/\/schema.org","@graph":[{"@type":"Article","@id":"https:\/\/berlin-laeuft.de\/tierparklauf\/berlin-laeuft-adventskalender\/#article","isPartOf":{"@id":"https:\/\/berlin-laeuft.de\/tierparklauf\/berlin-laeuft-adventskalender\/"},"author":{"name":"redaktion","@id":"https:\/\/berlin-laeuft.de\/tierparklauf\/#\/schema\/person\/29e76284ed42f6b62e5aefa3023a4fee"},"headline":"&#8222;Berlin l\u00e4uft!&#8220;-Adventskalender","datePublished":"2023-11-30T17:00:03+00:00","dateModified":"2023-11-30T17:00:11+00:00","mainEntityOfPage":{"@id":"https:\/\/berlin-laeuft.de\/tierparklauf\/berlin-laeuft-adventskalender\/"},"wordCount":62,"publisher":{"@id":"https:\/\/berlin-laeuft.de\/tierparklauf\/#organization"},"image":{"@id":"https:\/\/berlin-laeuft.de\/tierparklauf\/berlin-laeuft-adventskalender\/#primaryimage"},"thumbnailUrl":"https:\/\/berlin-laeuft.de\/tierparklauf\/wp-content\/uploads\/sites\/3\/adventskalender.png","articleSection":["Unkategorisiert"],"inLanguage":"de"},{"@type":"WebPage","@id":"https:\/\/berlin-laeuft.de\/tierparklauf\/berlin-laeuft-adventskalender\/","url":"https:\/\/berlin-laeuft.de\/tierparklauf\/berlin-laeuft-adventskalender\/","name":"\"Berlin l\u00e4uft!\"-Adventskalender | Volvo Tierparklauf","isPartOf":{"@id":"https:\/\/berlin-laeuft.de\/tierparklauf\/#website"},"primaryImageOfPage":{"@id":"https:\/\/berlin-laeuft.de\/tierparklauf\/berlin-laeuft-adventskalender\/#primaryimage"},"image":{"@id":"https:\/\/berlin-laeuft.de\/tierparklauf\/berlin-laeuft-adventskalender\/#primaryimage"},"thumbnailUrl":"https:\/\/berlin-laeuft.de\/tierparklauf\/wp-content\/uploads\/sites\/3\/adventskalender.png","datePublished":"2023-11-30T17:00:03+00:00","dateModified":"2023-11-30T17:00:11+00:00","breadcrumb":{"@id":"https:\/\/berlin-laeuft.de\/tierparklauf\/berlin-laeuft-adventskalender\/#breadcrumb"},"inLanguage":"de","potentialAction":[{"@type":"ReadAction","target":["https:\/\/berlin-laeuft.de\/tierparklauf\/berlin-laeuft-adventskalender\/"]}]},{"@type":"ImageObject","inLanguage":"de","@id":"https:\/\/berlin-laeuft.de\/tierparklauf\/berlin-laeuft-adventskalender\/#primaryimage","url":"https:\/\/berlin-laeuft.de\/tierparklauf\/wp-content\/uploads\/sites\/3\/adventskalender.png","contentUrl":"https:\/\/berlin-laeuft.de\/tierparklauf\/wp-content\/uploads\/sites\/3\/adventskalender.png","width":1200,"height":800},{"@type":"BreadcrumbList","@id":"https:\/\/berlin-laeuft.de\/tierparklauf\/berlin-laeuft-adventskalender\/#breadcrumb","itemListElement":[{"@type":"ListItem","position":1,"name":"Startseite","item":"https:\/\/berlin-laeuft.de\/tierparklauf\/"},{"@type":"ListItem","position":2,"name":"&#8222;Berlin l\u00e4uft!&#8220;-Adventskalender"}]},{"@type":"WebSite","@id":"https:\/\/berlin-laeuft.de\/tierparklauf\/#website","url":"https:\/\/berlin-laeuft.de\/tierparklauf\/","name":"Volvo Tierparklauf","description":"","publisher":{"@id":"https:\/\/berlin-laeuft.de\/tierparklauf\/#organization"},"potentialAction":[{"@type":"SearchAction","target":{"@type":"EntryPoint","urlTemplate":"https:\/\/berlin-laeuft.de\/tierparklauf\/?s={search_term_string}"},"query-input":{"@type":"PropertyValueSpecification","valueRequired":true,"valueName":"search_term_string"}}],"inLanguage":"de"},{"@type":"Organization","@id":"https:\/\/berlin-laeuft.de\/tierparklauf\/#organization","name":"Volvo Tierparklauf","url":"https:\/\/berlin-laeuft.de\/tierparklauf\/","logo":{"@type":"ImageObject","inLanguage":"de","@id":"https:\/\/berlin-laeuft.de\/tierparklauf\/#\/schema\/logo\/image\/","url":"https:\/\/berlin-laeuft.de\/tierparklauf\/wp-content\/uploads\/sites\/3\/tierparklauf-logo.png","contentUrl":"https:\/\/berlin-laeuft.de\/tierparklauf\/wp-content\/uploads\/sites\/3\/tierparklauf-logo.png","width":500,"height":200,"caption":"Volvo Tierparklauf"},"image":{"@id":"https:\/\/berlin-laeuft.de\/tierparklauf\/#\/schema\/logo\/image\/"},"sameAs":["https:\/\/www.facebook.com\/Berlinlaeuft\/"]},{"@type":"Person","@id":"https:\/\/berlin-laeuft.de\/tierparklauf\/#\/schema\/person\/29e76284ed42f6b62e5aefa3023a4fee","name":"redaktion","url":"https:\/\/berlin-laeuft.de\/tierparklauf\/author\/redaktion\/"}]}},"_links":{"self":[{"href":"https:\/\/berlin-laeuft.de\/tierparklauf\/wp-json\/wp\/v2\/posts\/1019","targetHints":{"allow":["GET"]}}],"collection":[{"href":"https:\/\/berlin-laeuft.de\/tierparklauf\/wp-json\/wp\/v2\/posts"}],"about":[{"href":"https:\/\/berlin-laeuft.de\/tierparklauf\/wp-json\/wp\/v2\/types\/post"}],"author":[{"embeddable":true,"href":"https:\/\/berlin-laeuft.de\/tierparklauf\/wp-json\/wp\/v2\/users\/3"}],"replies":[{"embeddable":true,"href":"https:\/\/berlin-laeuft.de\/tierparklauf\/wp-json\/wp\/v2\/comments?post=1019"}],"version-history":[{"count":0,"href":"https:\/\/berlin-laeuft.de\/tierparklauf\/wp-json\/wp\/v2\/posts\/1019\/revisions"}],"wp:featuredmedia":[{"embeddable":true,"href":"https:\/\/berlin-laeuft.de\/tierparklauf\/wp-json\/wp\/v2\/media\/1020"}],"wp:attachment":[{"href":"https:\/\/berlin-laeuft.de\/tierparklauf\/wp-json\/wp\/v2\/media?parent=1019"}],"wp:term":[{"taxonomy":"category","embeddable":true,"href":"https:\/\/berlin-laeuft.de\/tierparklauf\/wp-json\/wp\/v2\/categories?post=1019"},{"taxonomy":"post_tag","embeddable":true,"href":"https:\/\/berlin-laeuft.de\/tierparklauf\/wp-json\/wp\/v2\/tags?post=1019"}],"curies":[{"name":"wp","href":"https:\/\/api.w.org\/{rel}","templated":true}]}}