{"id":1880,"date":"2025-11-28T00:05:00","date_gmt":"2025-11-27T23:05:00","guid":{"rendered":"https:\/\/berlin-laeuft.de\/tierparklauf\/?p=1880"},"modified":"2025-11-27T15:12:13","modified_gmt":"2025-11-27T14:12:13","slug":"black-friday-bei-berlin-laeuft-2","status":"publish","type":"post","link":"https:\/\/berlin-laeuft.de\/tierparklauf\/black-friday-bei-berlin-laeuft-2\/","title":{"rendered":"BLACK FRIDAY bei Berlin l\u00e4uft!"},"content":{"rendered":"\n<p><strong>Jetzt wird gespart!<\/strong> Nutze unseren Black Friday-Deal und starte sportlich ins n\u00e4chste Jahr. Egal ob Du Deine Laufschuhe schn\u00fcren oder Dein Equipment aufstocken m\u00f6chtest \u2013 wir haben die Rabatte f\u00fcr Dich!<\/p>\n\n\n\n<h4 class=\"wp-block-heading\"><strong>Dein Lauf-Deal: 10% Rabatt auf die Startgeb\u00fchr!<\/strong><\/h4>\n\n\n\n<p>Melde Dich heute f\u00fcr eine der drei Berlin l\u00e4uft!-Veranstaltungen an und sichere Dir <strong>10% Rabatt<\/strong> auf Deine Startgeb\u00fchr!<\/p>\n\n\n\n<ul class=\"wp-block-list\">\n<li>Gehe zur Anmeldung vom <a href=\"https:\/\/www.davengo.com\/event\/overview\/s-25-berlin-2026\" target=\"_blank\" rel=\"noreferrer noopener\"><strong>S 25 Berlin<\/strong><\/a>, <strong><a href=\"https:\/\/www.davengo.com\/event\/overview\/volvo-tierparklauf-2026\" target=\"_blank\" rel=\"noreferrer noopener\">VOLVO Tierparklauf<\/a><\/strong> oder <a href=\"https:\/\/www.davengo.com\/v3\/event\/register\/great-10k-2026\/overview\" target=\"_blank\" rel=\"noreferrer noopener\"><strong>Berliner Morgenpost Great 10K<\/strong><\/a><\/li>\n\n\n\n<li>W\u00e4hle Deine Distanz: Ob kurz, mittel oder lang \u2013 die Strecke durch Berlin wartet auf Dich!<\/li>\n\n\n\n<li>Gib im Feld &#8222;Rabattcode&#8220; den Code <strong>BLACKFRIDAY25<\/strong> ein.<\/li>\n\n\n\n<li>Spare und sichere Dir deinen Platz an der Startlinie.<\/li>\n<\/ul>\n\n\n\n<h4 class=\"wp-block-heading\"><strong>Dein Shopping-Deal: 20% Rabatt im Onlineshop!<\/strong><\/h4>\n\n\n\n<p>R\u00fcste Dich f\u00fcr die n\u00e4chste Saison aus! Im <strong><a href=\"https:\/\/shop.topsportevents.de\/\" target=\"_blank\" rel=\"noreferrer noopener\">Onlineshop<\/a><\/strong> von <strong><a href=\"https:\/\/berlin-laeuft.de\/\" target=\"_blank\" rel=\"noreferrer noopener\">Berlin l\u00e4uft!<\/a><\/strong> erh\u00e4ltst Du mit dem Code: <strong>BLACKFRIDAY25<\/strong> 20% Rabatt auf <strong>ausgew\u00e4hlte <\/strong>Merch- Artikel.<\/p>\n","protected":false},"excerpt":{"rendered":"<p>Jetzt wird gespart! Nutze unseren Black Friday-Deal und starte sportlich ins n\u00e4chste Jahr. Egal ob Du Deine Laufschuhe schn\u00fcren oder Dein Equipment aufstocken m\u00f6chtest \u2013 wir haben die Rabatte f\u00fcr Dich! Dein Lauf-Deal: 10% Rabatt auf die Startgeb\u00fchr! Melde Dich heute f\u00fcr eine der drei Berlin l\u00e4uft!-Veranstaltungen an und sichere Dir 10% Rabatt auf Deine [&hellip;]<\/p>\n","protected":false},"author":3,"featured_media":1878,"comment_status":"closed","ping_status":"closed","sticky":false,"template":"","format":"standard","meta":{"_et_pb_use_builder":"","_et_pb_old_content":"","_et_gb_content_width":"","footnotes":""},"categories":[1],"tags":[],"class_list":["post-1880","post","type-post","status-publish","format-standard","has-post-thumbnail","hentry","category-unkategorisiert"],"yoast_head":"<!-- This site is optimized with the Yoast SEO plugin v27.5 - https:\/\/yoast.com\/product\/yoast-seo-wordpress\/ -->\n<title>BLACK FRIDAY bei Berlin l\u00e4uft! | Volvo Tierparklauf<\/title>\n<meta name=\"robots\" content=\"index, follow, max-snippet:-1, max-image-preview:large, max-video-preview:-1\" \/>\n<link rel=\"canonical\" href=\"https:\/\/berlin-laeuft.de\/tierparklauf\/black-friday-bei-berlin-laeuft-2\/\" \/>\n<meta property=\"og:locale\" content=\"de_DE\" \/>\n<meta property=\"og:type\" content=\"article\" \/>\n<meta property=\"og:title\" content=\"BLACK FRIDAY bei Berlin l\u00e4uft! | Volvo Tierparklauf\" \/>\n<meta property=\"og:description\" content=\"Jetzt wird gespart! Nutze unseren Black Friday-Deal und starte sportlich ins n\u00e4chste Jahr. Egal ob Du Deine Laufschuhe schn\u00fcren oder Dein Equipment aufstocken m\u00f6chtest \u2013 wir haben die Rabatte f\u00fcr Dich! Dein Lauf-Deal: 10% Rabatt auf die Startgeb\u00fchr! Melde Dich heute f\u00fcr eine der drei Berlin l\u00e4uft!-Veranstaltungen an und sichere Dir 10% Rabatt auf Deine [&hellip;]\" \/>\n<meta property=\"og:url\" content=\"https:\/\/berlin-laeuft.de\/tierparklauf\/black-friday-bei-berlin-laeuft-2\/\" \/>\n<meta property=\"og:site_name\" content=\"Volvo Tierparklauf\" \/>\n<meta property=\"article:publisher\" content=\"https:\/\/www.facebook.com\/Berlinlaeuft\/\" \/>\n<meta property=\"article:published_time\" content=\"2025-11-27T23:05:00+00:00\" \/>\n<meta property=\"og:image\" content=\"https:\/\/berlin-laeuft.de\/tierparklauf\/wp-content\/uploads\/sites\/3\/2026blackfriday.jpg\" \/>\n\t<meta property=\"og:image:width\" content=\"1200\" \/>\n\t<meta property=\"og:image:height\" content=\"800\" \/>\n\t<meta property=\"og:image:type\" content=\"image\/jpeg\" \/>\n<meta name=\"author\" content=\"redaktion\" \/>\n<meta name=\"twitter:card\" content=\"summary_large_image\" \/>\n<meta name=\"twitter:label1\" content=\"Verfasst von\" \/>\n\t<meta name=\"twitter:data1\" content=\"redaktion\" \/>\n\t<meta name=\"twitter:label2\" content=\"Gesch\u00e4tzte Lesezeit\" \/>\n\t<meta name=\"twitter:data2\" content=\"1\u00a0Minute\" \/>\n<script type=\"application\/ld+json\" class=\"yoast-schema-graph\">{\"@context\":\"https:\\\/\\\/schema.org\",\"@graph\":[{\"@type\":\"Article\",\"@id\":\"https:\\\/\\\/berlin-laeuft.de\\\/tierparklauf\\\/black-friday-bei-berlin-laeuft-2\\\/#article\",\"isPartOf\":{\"@id\":\"https:\\\/\\\/berlin-laeuft.de\\\/tierparklauf\\\/black-friday-bei-berlin-laeuft-2\\\/\"},\"author\":{\"name\":\"redaktion\",\"@id\":\"https:\\\/\\\/berlin-laeuft.de\\\/tierparklauf\\\/#\\\/schema\\\/person\\\/29e76284ed42f6b62e5aefa3023a4fee\"},\"headline\":\"BLACK FRIDAY bei Berlin l\u00e4uft!\",\"datePublished\":\"2025-11-27T23:05:00+00:00\",\"mainEntityOfPage\":{\"@id\":\"https:\\\/\\\/berlin-laeuft.de\\\/tierparklauf\\\/black-friday-bei-berlin-laeuft-2\\\/\"},\"wordCount\":148,\"publisher\":{\"@id\":\"https:\\\/\\\/berlin-laeuft.de\\\/tierparklauf\\\/#organization\"},\"image\":{\"@id\":\"https:\\\/\\\/berlin-laeuft.de\\\/tierparklauf\\\/black-friday-bei-berlin-laeuft-2\\\/#primaryimage\"},\"thumbnailUrl\":\"https:\\\/\\\/berlin-laeuft.de\\\/tierparklauf\\\/wp-content\\\/uploads\\\/sites\\\/3\\\/2026blackfriday.jpg\",\"articleSection\":[\"Unkategorisiert\"],\"inLanguage\":\"de\"},{\"@type\":\"WebPage\",\"@id\":\"https:\\\/\\\/berlin-laeuft.de\\\/tierparklauf\\\/black-friday-bei-berlin-laeuft-2\\\/\",\"url\":\"https:\\\/\\\/berlin-laeuft.de\\\/tierparklauf\\\/black-friday-bei-berlin-laeuft-2\\\/\",\"name\":\"BLACK FRIDAY bei Berlin l\u00e4uft! | Volvo Tierparklauf\",\"isPartOf\":{\"@id\":\"https:\\\/\\\/berlin-laeuft.de\\\/tierparklauf\\\/#website\"},\"primaryImageOfPage\":{\"@id\":\"https:\\\/\\\/berlin-laeuft.de\\\/tierparklauf\\\/black-friday-bei-berlin-laeuft-2\\\/#primaryimage\"},\"image\":{\"@id\":\"https:\\\/\\\/berlin-laeuft.de\\\/tierparklauf\\\/black-friday-bei-berlin-laeuft-2\\\/#primaryimage\"},\"thumbnailUrl\":\"https:\\\/\\\/berlin-laeuft.de\\\/tierparklauf\\\/wp-content\\\/uploads\\\/sites\\\/3\\\/2026blackfriday.jpg\",\"datePublished\":\"2025-11-27T23:05:00+00:00\",\"breadcrumb\":{\"@id\":\"https:\\\/\\\/berlin-laeuft.de\\\/tierparklauf\\\/black-friday-bei-berlin-laeuft-2\\\/#breadcrumb\"},\"inLanguage\":\"de\",\"potentialAction\":[{\"@type\":\"ReadAction\",\"target\":[\"https:\\\/\\\/berlin-laeuft.de\\\/tierparklauf\\\/black-friday-bei-berlin-laeuft-2\\\/\"]}]},{\"@type\":\"ImageObject\",\"inLanguage\":\"de\",\"@id\":\"https:\\\/\\\/berlin-laeuft.de\\\/tierparklauf\\\/black-friday-bei-berlin-laeuft-2\\\/#primaryimage\",\"url\":\"https:\\\/\\\/berlin-laeuft.de\\\/tierparklauf\\\/wp-content\\\/uploads\\\/sites\\\/3\\\/2026blackfriday.jpg\",\"contentUrl\":\"https:\\\/\\\/berlin-laeuft.de\\\/tierparklauf\\\/wp-content\\\/uploads\\\/sites\\\/3\\\/2026blackfriday.jpg\",\"width\":1200,\"height\":800},{\"@type\":\"BreadcrumbList\",\"@id\":\"https:\\\/\\\/berlin-laeuft.de\\\/tierparklauf\\\/black-friday-bei-berlin-laeuft-2\\\/#breadcrumb\",\"itemListElement\":[{\"@type\":\"ListItem\",\"position\":1,\"name\":\"Startseite\",\"item\":\"https:\\\/\\\/berlin-laeuft.de\\\/tierparklauf\\\/\"},{\"@type\":\"ListItem\",\"position\":2,\"name\":\"BLACK FRIDAY bei Berlin l\u00e4uft!\"}]},{\"@type\":\"WebSite\",\"@id\":\"https:\\\/\\\/berlin-laeuft.de\\\/tierparklauf\\\/#website\",\"url\":\"https:\\\/\\\/berlin-laeuft.de\\\/tierparklauf\\\/\",\"name\":\"Volvo Tierparklauf\",\"description\":\"\",\"publisher\":{\"@id\":\"https:\\\/\\\/berlin-laeuft.de\\\/tierparklauf\\\/#organization\"},\"potentialAction\":[{\"@type\":\"SearchAction\",\"target\":{\"@type\":\"EntryPoint\",\"urlTemplate\":\"https:\\\/\\\/berlin-laeuft.de\\\/tierparklauf\\\/?s={search_term_string}\"},\"query-input\":{\"@type\":\"PropertyValueSpecification\",\"valueRequired\":true,\"valueName\":\"search_term_string\"}}],\"inLanguage\":\"de\"},{\"@type\":\"Organization\",\"@id\":\"https:\\\/\\\/berlin-laeuft.de\\\/tierparklauf\\\/#organization\",\"name\":\"Volvo Tierparklauf\",\"url\":\"https:\\\/\\\/berlin-laeuft.de\\\/tierparklauf\\\/\",\"logo\":{\"@type\":\"ImageObject\",\"inLanguage\":\"de\",\"@id\":\"https:\\\/\\\/berlin-laeuft.de\\\/tierparklauf\\\/#\\\/schema\\\/logo\\\/image\\\/\",\"url\":\"https:\\\/\\\/berlin-laeuft.de\\\/tierparklauf\\\/wp-content\\\/uploads\\\/sites\\\/3\\\/tierparklauf-logo.png\",\"contentUrl\":\"https:\\\/\\\/berlin-laeuft.de\\\/tierparklauf\\\/wp-content\\\/uploads\\\/sites\\\/3\\\/tierparklauf-logo.png\",\"width\":500,\"height\":200,\"caption\":\"Volvo Tierparklauf\"},\"image\":{\"@id\":\"https:\\\/\\\/berlin-laeuft.de\\\/tierparklauf\\\/#\\\/schema\\\/logo\\\/image\\\/\"},\"sameAs\":[\"https:\\\/\\\/www.facebook.com\\\/Berlinlaeuft\\\/\"]},{\"@type\":\"Person\",\"@id\":\"https:\\\/\\\/berlin-laeuft.de\\\/tierparklauf\\\/#\\\/schema\\\/person\\\/29e76284ed42f6b62e5aefa3023a4fee\",\"name\":\"redaktion\",\"url\":\"https:\\\/\\\/berlin-laeuft.de\\\/tierparklauf\\\/author\\\/redaktion\\\/\"}]}<\/script>\n<!-- \/ Yoast SEO plugin. -->","yoast_head_json":{"title":"BLACK FRIDAY bei Berlin l\u00e4uft! | Volvo Tierparklauf","robots":{"index":"index","follow":"follow","max-snippet":"max-snippet:-1","max-image-preview":"max-image-preview:large","max-video-preview":"max-video-preview:-1"},"canonical":"https:\/\/berlin-laeuft.de\/tierparklauf\/black-friday-bei-berlin-laeuft-2\/","og_locale":"de_DE","og_type":"article","og_title":"BLACK FRIDAY bei Berlin l\u00e4uft! | Volvo Tierparklauf","og_description":"Jetzt wird gespart! Nutze unseren Black Friday-Deal und starte sportlich ins n\u00e4chste Jahr. Egal ob Du Deine Laufschuhe schn\u00fcren oder Dein Equipment aufstocken m\u00f6chtest \u2013 wir haben die Rabatte f\u00fcr Dich! Dein Lauf-Deal: 10% Rabatt auf die Startgeb\u00fchr! Melde Dich heute f\u00fcr eine der drei Berlin l\u00e4uft!-Veranstaltungen an und sichere Dir 10% Rabatt auf Deine [&hellip;]","og_url":"https:\/\/berlin-laeuft.de\/tierparklauf\/black-friday-bei-berlin-laeuft-2\/","og_site_name":"Volvo Tierparklauf","article_publisher":"https:\/\/www.facebook.com\/Berlinlaeuft\/","article_published_time":"2025-11-27T23:05:00+00:00","og_image":[{"width":1200,"height":800,"url":"https:\/\/berlin-laeuft.de\/tierparklauf\/wp-content\/uploads\/sites\/3\/2026blackfriday.jpg","type":"image\/jpeg"}],"author":"redaktion","twitter_card":"summary_large_image","twitter_misc":{"Verfasst von":"redaktion","Gesch\u00e4tzte Lesezeit":"1\u00a0Minute"},"schema":{"@context":"https:\/\/schema.org","@graph":[{"@type":"Article","@id":"https:\/\/berlin-laeuft.de\/tierparklauf\/black-friday-bei-berlin-laeuft-2\/#article","isPartOf":{"@id":"https:\/\/berlin-laeuft.de\/tierparklauf\/black-friday-bei-berlin-laeuft-2\/"},"author":{"name":"redaktion","@id":"https:\/\/berlin-laeuft.de\/tierparklauf\/#\/schema\/person\/29e76284ed42f6b62e5aefa3023a4fee"},"headline":"BLACK FRIDAY bei Berlin l\u00e4uft!","datePublished":"2025-11-27T23:05:00+00:00","mainEntityOfPage":{"@id":"https:\/\/berlin-laeuft.de\/tierparklauf\/black-friday-bei-berlin-laeuft-2\/"},"wordCount":148,"publisher":{"@id":"https:\/\/berlin-laeuft.de\/tierparklauf\/#organization"},"image":{"@id":"https:\/\/berlin-laeuft.de\/tierparklauf\/black-friday-bei-berlin-laeuft-2\/#primaryimage"},"thumbnailUrl":"https:\/\/berlin-laeuft.de\/tierparklauf\/wp-content\/uploads\/sites\/3\/2026blackfriday.jpg","articleSection":["Unkategorisiert"],"inLanguage":"de"},{"@type":"WebPage","@id":"https:\/\/berlin-laeuft.de\/tierparklauf\/black-friday-bei-berlin-laeuft-2\/","url":"https:\/\/berlin-laeuft.de\/tierparklauf\/black-friday-bei-berlin-laeuft-2\/","name":"BLACK FRIDAY bei Berlin l\u00e4uft! | Volvo Tierparklauf","isPartOf":{"@id":"https:\/\/berlin-laeuft.de\/tierparklauf\/#website"},"primaryImageOfPage":{"@id":"https:\/\/berlin-laeuft.de\/tierparklauf\/black-friday-bei-berlin-laeuft-2\/#primaryimage"},"image":{"@id":"https:\/\/berlin-laeuft.de\/tierparklauf\/black-friday-bei-berlin-laeuft-2\/#primaryimage"},"thumbnailUrl":"https:\/\/berlin-laeuft.de\/tierparklauf\/wp-content\/uploads\/sites\/3\/2026blackfriday.jpg","datePublished":"2025-11-27T23:05:00+00:00","breadcrumb":{"@id":"https:\/\/berlin-laeuft.de\/tierparklauf\/black-friday-bei-berlin-laeuft-2\/#breadcrumb"},"inLanguage":"de","potentialAction":[{"@type":"ReadAction","target":["https:\/\/berlin-laeuft.de\/tierparklauf\/black-friday-bei-berlin-laeuft-2\/"]}]},{"@type":"ImageObject","inLanguage":"de","@id":"https:\/\/berlin-laeuft.de\/tierparklauf\/black-friday-bei-berlin-laeuft-2\/#primaryimage","url":"https:\/\/berlin-laeuft.de\/tierparklauf\/wp-content\/uploads\/sites\/3\/2026blackfriday.jpg","contentUrl":"https:\/\/berlin-laeuft.de\/tierparklauf\/wp-content\/uploads\/sites\/3\/2026blackfriday.jpg","width":1200,"height":800},{"@type":"BreadcrumbList","@id":"https:\/\/berlin-laeuft.de\/tierparklauf\/black-friday-bei-berlin-laeuft-2\/#breadcrumb","itemListElement":[{"@type":"ListItem","position":1,"name":"Startseite","item":"https:\/\/berlin-laeuft.de\/tierparklauf\/"},{"@type":"ListItem","position":2,"name":"BLACK FRIDAY bei Berlin l\u00e4uft!"}]},{"@type":"WebSite","@id":"https:\/\/berlin-laeuft.de\/tierparklauf\/#website","url":"https:\/\/berlin-laeuft.de\/tierparklauf\/","name":"Volvo Tierparklauf","description":"","publisher":{"@id":"https:\/\/berlin-laeuft.de\/tierparklauf\/#organization"},"potentialAction":[{"@type":"SearchAction","target":{"@type":"EntryPoint","urlTemplate":"https:\/\/berlin-laeuft.de\/tierparklauf\/?s={search_term_string}"},"query-input":{"@type":"PropertyValueSpecification","valueRequired":true,"valueName":"search_term_string"}}],"inLanguage":"de"},{"@type":"Organization","@id":"https:\/\/berlin-laeuft.de\/tierparklauf\/#organization","name":"Volvo Tierparklauf","url":"https:\/\/berlin-laeuft.de\/tierparklauf\/","logo":{"@type":"ImageObject","inLanguage":"de","@id":"https:\/\/berlin-laeuft.de\/tierparklauf\/#\/schema\/logo\/image\/","url":"https:\/\/berlin-laeuft.de\/tierparklauf\/wp-content\/uploads\/sites\/3\/tierparklauf-logo.png","contentUrl":"https:\/\/berlin-laeuft.de\/tierparklauf\/wp-content\/uploads\/sites\/3\/tierparklauf-logo.png","width":500,"height":200,"caption":"Volvo Tierparklauf"},"image":{"@id":"https:\/\/berlin-laeuft.de\/tierparklauf\/#\/schema\/logo\/image\/"},"sameAs":["https:\/\/www.facebook.com\/Berlinlaeuft\/"]},{"@type":"Person","@id":"https:\/\/berlin-laeuft.de\/tierparklauf\/#\/schema\/person\/29e76284ed42f6b62e5aefa3023a4fee","name":"redaktion","url":"https:\/\/berlin-laeuft.de\/tierparklauf\/author\/redaktion\/"}]}},"_links":{"self":[{"href":"https:\/\/berlin-laeuft.de\/tierparklauf\/wp-json\/wp\/v2\/posts\/1880","targetHints":{"allow":["GET"]}}],"collection":[{"href":"https:\/\/berlin-laeuft.de\/tierparklauf\/wp-json\/wp\/v2\/posts"}],"about":[{"href":"https:\/\/berlin-laeuft.de\/tierparklauf\/wp-json\/wp\/v2\/types\/post"}],"author":[{"embeddable":true,"href":"https:\/\/berlin-laeuft.de\/tierparklauf\/wp-json\/wp\/v2\/users\/3"}],"replies":[{"embeddable":true,"href":"https:\/\/berlin-laeuft.de\/tierparklauf\/wp-json\/wp\/v2\/comments?post=1880"}],"version-history":[{"count":0,"href":"https:\/\/berlin-laeuft.de\/tierparklauf\/wp-json\/wp\/v2\/posts\/1880\/revisions"}],"wp:featuredmedia":[{"embeddable":true,"href":"https:\/\/berlin-laeuft.de\/tierparklauf\/wp-json\/wp\/v2\/media\/1878"}],"wp:attachment":[{"href":"https:\/\/berlin-laeuft.de\/tierparklauf\/wp-json\/wp\/v2\/media?parent=1880"}],"wp:term":[{"taxonomy":"category","embeddable":true,"href":"https:\/\/berlin-laeuft.de\/tierparklauf\/wp-json\/wp\/v2\/categories?post=1880"},{"taxonomy":"post_tag","embeddable":true,"href":"https:\/\/berlin-laeuft.de\/tierparklauf\/wp-json\/wp\/v2\/tags?post=1880"}],"curies":[{"name":"wp","href":"https:\/\/api.w.org\/{rel}","templated":true}]}}