{"id":544,"date":"2023-03-18T08:00:00","date_gmt":"2023-03-18T07:00:00","guid":{"rendered":"https:\/\/berlin-laeuft.de\/tierparklauf\/?p=544"},"modified":"2023-03-16T13:27:17","modified_gmt":"2023-03-16T12:27:17","slug":"trailrun-beim-volvo-tierparklauf-2023","status":"publish","type":"post","link":"https:\/\/berlin-laeuft.de\/tierparklauf\/trailrun-beim-volvo-tierparklauf-2023\/","title":{"rendered":"TRAILRUN beim VOLVO Tierparklauf 2023"},"content":{"rendered":"\n<p>An den Bergh\u00e4ngen der Nebelw\u00e4lder klettern kleine Pandas hoch \u00fcber den K\u00f6pfen der Schopfhirsche durch das Ge\u00e4st. Vorbei an Francois-Languren, Takinen und Schneeleoparden windet sich der Pfad durch dichte Bambushaine immer h\u00f6her in Richtung Baumgrenze und gipfelt schlie\u00dflich auf dem \u201eDach der Welt\u201c \u2013 mit Blick auf Berlin. So beschreibt der Tierpark Berlin seine faszinierende Himalaya-Erlebniswelt.<br>Ihr k\u00f6nnt das \u201eHochgebirge\u201c mitten in der Metropole jetzt auch sportlich erkunden! Beim VOLVO Tierparklauf im September in Berlin-Friedrichsfelde steht erstmals auch ein TRAILRUN auf dem Programm.<br>Die sechs Kilometer lange Strecke f\u00fchrt quer durch den Tierpark und mitten durch die Himalaya-Erlebniswelt (<a href=\"https:\/\/www.tierpark-berlin.de\/fileadmin\/_processed_\/8\/a\/csm_TPB_Himalaya_Lageplan_2022_80cc5bb65a.jpg\" target=\"_blank\" rel=\"noreferrer noopener\">Himalaya-Karte<\/a>) mit Steigungen von bis zu zehn Prozent und \u00fcber nicht asphaltierte Wege. Veranstaltet wird der besondere TRAILRUN am Samstag, 9. September 2023 um 15 Uhr.<\/p>\n\n\n\n<p><br>Veranstaltet wird der besondere TRAILRUN am <strong>Samstag, 9. September 2023 um 15 Uhr<\/strong>. Aufgrund der Streckenbeschaffenheit ist ein Mindestalter erforderlich (Jahrgang 2009 oder \u00e4lter).<\/p>\n","protected":false},"excerpt":{"rendered":"<p>An den Bergh\u00e4ngen der Nebelw\u00e4lder klettern kleine Pandas hoch \u00fcber den K\u00f6pfen der Schopfhirsche durch das Ge\u00e4st. Vorbei an Francois-Languren, Takinen und Schneeleoparden windet sich der Pfad durch dichte Bambushaine immer h\u00f6her in Richtung Baumgrenze und gipfelt schlie\u00dflich auf dem \u201eDach der Welt\u201c \u2013 mit Blick auf Berlin. So beschreibt der Tierpark Berlin seine faszinierende [&hellip;]<\/p>\n","protected":false},"author":3,"featured_media":545,"comment_status":"closed","ping_status":"closed","sticky":false,"template":"","format":"standard","meta":{"_et_pb_use_builder":"","_et_pb_old_content":"","_et_gb_content_width":"","footnotes":""},"categories":[1],"tags":[],"class_list":["post-544","post","type-post","status-publish","format-standard","has-post-thumbnail","hentry","category-unkategorisiert"],"yoast_head":"<!-- This site is optimized with the Yoast SEO plugin v27.4 - https:\/\/yoast.com\/product\/yoast-seo-wordpress\/ -->\n<title>TRAILRUN beim VOLVO Tierparklauf 2023 | Volvo Tierparklauf<\/title>\n<meta name=\"robots\" content=\"index, follow, max-snippet:-1, max-image-preview:large, max-video-preview:-1\" \/>\n<link rel=\"canonical\" href=\"https:\/\/berlin-laeuft.de\/tierparklauf\/trailrun-beim-volvo-tierparklauf-2023\/\" \/>\n<meta property=\"og:locale\" content=\"de_DE\" \/>\n<meta property=\"og:type\" content=\"article\" \/>\n<meta property=\"og:title\" content=\"TRAILRUN beim VOLVO Tierparklauf 2023 | Volvo Tierparklauf\" \/>\n<meta property=\"og:description\" content=\"An den Bergh\u00e4ngen der Nebelw\u00e4lder klettern kleine Pandas hoch \u00fcber den K\u00f6pfen der Schopfhirsche durch das Ge\u00e4st. Vorbei an Francois-Languren, Takinen und Schneeleoparden windet sich der Pfad durch dichte Bambushaine immer h\u00f6her in Richtung Baumgrenze und gipfelt schlie\u00dflich auf dem \u201eDach der Welt\u201c \u2013 mit Blick auf Berlin. So beschreibt der Tierpark Berlin seine faszinierende [&hellip;]\" \/>\n<meta property=\"og:url\" content=\"https:\/\/berlin-laeuft.de\/tierparklauf\/trailrun-beim-volvo-tierparklauf-2023\/\" \/>\n<meta property=\"og:site_name\" content=\"Volvo Tierparklauf\" \/>\n<meta property=\"article:publisher\" content=\"https:\/\/www.facebook.com\/Berlinlaeuft\/\" \/>\n<meta property=\"article:published_time\" content=\"2023-03-18T07:00:00+00:00\" \/>\n<meta property=\"og:image\" content=\"https:\/\/berlin-laeuft.de\/tierparklauf\/wp-content\/uploads\/sites\/3\/microsoftteams-image-3.jpg\" \/>\n\t<meta property=\"og:image:width\" content=\"1200\" \/>\n\t<meta property=\"og:image:height\" content=\"800\" \/>\n\t<meta property=\"og:image:type\" content=\"image\/jpeg\" \/>\n<meta name=\"author\" content=\"redaktion\" \/>\n<meta name=\"twitter:card\" content=\"summary_large_image\" \/>\n<meta name=\"twitter:label1\" content=\"Verfasst von\" \/>\n\t<meta name=\"twitter:data1\" content=\"redaktion\" \/>\n\t<meta name=\"twitter:label2\" content=\"Gesch\u00e4tzte Lesezeit\" \/>\n\t<meta name=\"twitter:data2\" content=\"1\u00a0Minute\" \/>\n<script type=\"application\/ld+json\" class=\"yoast-schema-graph\">{\"@context\":\"https:\\\/\\\/schema.org\",\"@graph\":[{\"@type\":\"Article\",\"@id\":\"https:\\\/\\\/berlin-laeuft.de\\\/tierparklauf\\\/trailrun-beim-volvo-tierparklauf-2023\\\/#article\",\"isPartOf\":{\"@id\":\"https:\\\/\\\/berlin-laeuft.de\\\/tierparklauf\\\/trailrun-beim-volvo-tierparklauf-2023\\\/\"},\"author\":{\"name\":\"redaktion\",\"@id\":\"https:\\\/\\\/berlin-laeuft.de\\\/tierparklauf\\\/#\\\/schema\\\/person\\\/29e76284ed42f6b62e5aefa3023a4fee\"},\"headline\":\"TRAILRUN beim VOLVO Tierparklauf 2023\",\"datePublished\":\"2023-03-18T07:00:00+00:00\",\"mainEntityOfPage\":{\"@id\":\"https:\\\/\\\/berlin-laeuft.de\\\/tierparklauf\\\/trailrun-beim-volvo-tierparklauf-2023\\\/\"},\"wordCount\":152,\"publisher\":{\"@id\":\"https:\\\/\\\/berlin-laeuft.de\\\/tierparklauf\\\/#organization\"},\"image\":{\"@id\":\"https:\\\/\\\/berlin-laeuft.de\\\/tierparklauf\\\/trailrun-beim-volvo-tierparklauf-2023\\\/#primaryimage\"},\"thumbnailUrl\":\"https:\\\/\\\/berlin-laeuft.de\\\/tierparklauf\\\/wp-content\\\/uploads\\\/sites\\\/3\\\/microsoftteams-image-3.jpg\",\"articleSection\":[\"Unkategorisiert\"],\"inLanguage\":\"de\"},{\"@type\":\"WebPage\",\"@id\":\"https:\\\/\\\/berlin-laeuft.de\\\/tierparklauf\\\/trailrun-beim-volvo-tierparklauf-2023\\\/\",\"url\":\"https:\\\/\\\/berlin-laeuft.de\\\/tierparklauf\\\/trailrun-beim-volvo-tierparklauf-2023\\\/\",\"name\":\"TRAILRUN beim VOLVO Tierparklauf 2023 | Volvo Tierparklauf\",\"isPartOf\":{\"@id\":\"https:\\\/\\\/berlin-laeuft.de\\\/tierparklauf\\\/#website\"},\"primaryImageOfPage\":{\"@id\":\"https:\\\/\\\/berlin-laeuft.de\\\/tierparklauf\\\/trailrun-beim-volvo-tierparklauf-2023\\\/#primaryimage\"},\"image\":{\"@id\":\"https:\\\/\\\/berlin-laeuft.de\\\/tierparklauf\\\/trailrun-beim-volvo-tierparklauf-2023\\\/#primaryimage\"},\"thumbnailUrl\":\"https:\\\/\\\/berlin-laeuft.de\\\/tierparklauf\\\/wp-content\\\/uploads\\\/sites\\\/3\\\/microsoftteams-image-3.jpg\",\"datePublished\":\"2023-03-18T07:00:00+00:00\",\"breadcrumb\":{\"@id\":\"https:\\\/\\\/berlin-laeuft.de\\\/tierparklauf\\\/trailrun-beim-volvo-tierparklauf-2023\\\/#breadcrumb\"},\"inLanguage\":\"de\",\"potentialAction\":[{\"@type\":\"ReadAction\",\"target\":[\"https:\\\/\\\/berlin-laeuft.de\\\/tierparklauf\\\/trailrun-beim-volvo-tierparklauf-2023\\\/\"]}]},{\"@type\":\"ImageObject\",\"inLanguage\":\"de\",\"@id\":\"https:\\\/\\\/berlin-laeuft.de\\\/tierparklauf\\\/trailrun-beim-volvo-tierparklauf-2023\\\/#primaryimage\",\"url\":\"https:\\\/\\\/berlin-laeuft.de\\\/tierparklauf\\\/wp-content\\\/uploads\\\/sites\\\/3\\\/microsoftteams-image-3.jpg\",\"contentUrl\":\"https:\\\/\\\/berlin-laeuft.de\\\/tierparklauf\\\/wp-content\\\/uploads\\\/sites\\\/3\\\/microsoftteams-image-3.jpg\",\"width\":1200,\"height\":800},{\"@type\":\"BreadcrumbList\",\"@id\":\"https:\\\/\\\/berlin-laeuft.de\\\/tierparklauf\\\/trailrun-beim-volvo-tierparklauf-2023\\\/#breadcrumb\",\"itemListElement\":[{\"@type\":\"ListItem\",\"position\":1,\"name\":\"Startseite\",\"item\":\"https:\\\/\\\/berlin-laeuft.de\\\/tierparklauf\\\/\"},{\"@type\":\"ListItem\",\"position\":2,\"name\":\"TRAILRUN beim VOLVO Tierparklauf 2023\"}]},{\"@type\":\"WebSite\",\"@id\":\"https:\\\/\\\/berlin-laeuft.de\\\/tierparklauf\\\/#website\",\"url\":\"https:\\\/\\\/berlin-laeuft.de\\\/tierparklauf\\\/\",\"name\":\"Volvo Tierparklauf\",\"description\":\"\",\"publisher\":{\"@id\":\"https:\\\/\\\/berlin-laeuft.de\\\/tierparklauf\\\/#organization\"},\"potentialAction\":[{\"@type\":\"SearchAction\",\"target\":{\"@type\":\"EntryPoint\",\"urlTemplate\":\"https:\\\/\\\/berlin-laeuft.de\\\/tierparklauf\\\/?s={search_term_string}\"},\"query-input\":{\"@type\":\"PropertyValueSpecification\",\"valueRequired\":true,\"valueName\":\"search_term_string\"}}],\"inLanguage\":\"de\"},{\"@type\":\"Organization\",\"@id\":\"https:\\\/\\\/berlin-laeuft.de\\\/tierparklauf\\\/#organization\",\"name\":\"Volvo Tierparklauf\",\"url\":\"https:\\\/\\\/berlin-laeuft.de\\\/tierparklauf\\\/\",\"logo\":{\"@type\":\"ImageObject\",\"inLanguage\":\"de\",\"@id\":\"https:\\\/\\\/berlin-laeuft.de\\\/tierparklauf\\\/#\\\/schema\\\/logo\\\/image\\\/\",\"url\":\"https:\\\/\\\/berlin-laeuft.de\\\/tierparklauf\\\/wp-content\\\/uploads\\\/sites\\\/3\\\/tierparklauf-logo.png\",\"contentUrl\":\"https:\\\/\\\/berlin-laeuft.de\\\/tierparklauf\\\/wp-content\\\/uploads\\\/sites\\\/3\\\/tierparklauf-logo.png\",\"width\":500,\"height\":200,\"caption\":\"Volvo Tierparklauf\"},\"image\":{\"@id\":\"https:\\\/\\\/berlin-laeuft.de\\\/tierparklauf\\\/#\\\/schema\\\/logo\\\/image\\\/\"},\"sameAs\":[\"https:\\\/\\\/www.facebook.com\\\/Berlinlaeuft\\\/\"]},{\"@type\":\"Person\",\"@id\":\"https:\\\/\\\/berlin-laeuft.de\\\/tierparklauf\\\/#\\\/schema\\\/person\\\/29e76284ed42f6b62e5aefa3023a4fee\",\"name\":\"redaktion\",\"url\":\"https:\\\/\\\/berlin-laeuft.de\\\/tierparklauf\\\/author\\\/redaktion\\\/\"}]}<\/script>\n<!-- \/ Yoast SEO plugin. -->","yoast_head_json":{"title":"TRAILRUN beim VOLVO Tierparklauf 2023 | Volvo Tierparklauf","robots":{"index":"index","follow":"follow","max-snippet":"max-snippet:-1","max-image-preview":"max-image-preview:large","max-video-preview":"max-video-preview:-1"},"canonical":"https:\/\/berlin-laeuft.de\/tierparklauf\/trailrun-beim-volvo-tierparklauf-2023\/","og_locale":"de_DE","og_type":"article","og_title":"TRAILRUN beim VOLVO Tierparklauf 2023 | Volvo Tierparklauf","og_description":"An den Bergh\u00e4ngen der Nebelw\u00e4lder klettern kleine Pandas hoch \u00fcber den K\u00f6pfen der Schopfhirsche durch das Ge\u00e4st. Vorbei an Francois-Languren, Takinen und Schneeleoparden windet sich der Pfad durch dichte Bambushaine immer h\u00f6her in Richtung Baumgrenze und gipfelt schlie\u00dflich auf dem \u201eDach der Welt\u201c \u2013 mit Blick auf Berlin. So beschreibt der Tierpark Berlin seine faszinierende [&hellip;]","og_url":"https:\/\/berlin-laeuft.de\/tierparklauf\/trailrun-beim-volvo-tierparklauf-2023\/","og_site_name":"Volvo Tierparklauf","article_publisher":"https:\/\/www.facebook.com\/Berlinlaeuft\/","article_published_time":"2023-03-18T07:00:00+00:00","og_image":[{"width":1200,"height":800,"url":"https:\/\/berlin-laeuft.de\/tierparklauf\/wp-content\/uploads\/sites\/3\/microsoftteams-image-3.jpg","type":"image\/jpeg"}],"author":"redaktion","twitter_card":"summary_large_image","twitter_misc":{"Verfasst von":"redaktion","Gesch\u00e4tzte Lesezeit":"1\u00a0Minute"},"schema":{"@context":"https:\/\/schema.org","@graph":[{"@type":"Article","@id":"https:\/\/berlin-laeuft.de\/tierparklauf\/trailrun-beim-volvo-tierparklauf-2023\/#article","isPartOf":{"@id":"https:\/\/berlin-laeuft.de\/tierparklauf\/trailrun-beim-volvo-tierparklauf-2023\/"},"author":{"name":"redaktion","@id":"https:\/\/berlin-laeuft.de\/tierparklauf\/#\/schema\/person\/29e76284ed42f6b62e5aefa3023a4fee"},"headline":"TRAILRUN beim VOLVO Tierparklauf 2023","datePublished":"2023-03-18T07:00:00+00:00","mainEntityOfPage":{"@id":"https:\/\/berlin-laeuft.de\/tierparklauf\/trailrun-beim-volvo-tierparklauf-2023\/"},"wordCount":152,"publisher":{"@id":"https:\/\/berlin-laeuft.de\/tierparklauf\/#organization"},"image":{"@id":"https:\/\/berlin-laeuft.de\/tierparklauf\/trailrun-beim-volvo-tierparklauf-2023\/#primaryimage"},"thumbnailUrl":"https:\/\/berlin-laeuft.de\/tierparklauf\/wp-content\/uploads\/sites\/3\/microsoftteams-image-3.jpg","articleSection":["Unkategorisiert"],"inLanguage":"de"},{"@type":"WebPage","@id":"https:\/\/berlin-laeuft.de\/tierparklauf\/trailrun-beim-volvo-tierparklauf-2023\/","url":"https:\/\/berlin-laeuft.de\/tierparklauf\/trailrun-beim-volvo-tierparklauf-2023\/","name":"TRAILRUN beim VOLVO Tierparklauf 2023 | Volvo Tierparklauf","isPartOf":{"@id":"https:\/\/berlin-laeuft.de\/tierparklauf\/#website"},"primaryImageOfPage":{"@id":"https:\/\/berlin-laeuft.de\/tierparklauf\/trailrun-beim-volvo-tierparklauf-2023\/#primaryimage"},"image":{"@id":"https:\/\/berlin-laeuft.de\/tierparklauf\/trailrun-beim-volvo-tierparklauf-2023\/#primaryimage"},"thumbnailUrl":"https:\/\/berlin-laeuft.de\/tierparklauf\/wp-content\/uploads\/sites\/3\/microsoftteams-image-3.jpg","datePublished":"2023-03-18T07:00:00+00:00","breadcrumb":{"@id":"https:\/\/berlin-laeuft.de\/tierparklauf\/trailrun-beim-volvo-tierparklauf-2023\/#breadcrumb"},"inLanguage":"de","potentialAction":[{"@type":"ReadAction","target":["https:\/\/berlin-laeuft.de\/tierparklauf\/trailrun-beim-volvo-tierparklauf-2023\/"]}]},{"@type":"ImageObject","inLanguage":"de","@id":"https:\/\/berlin-laeuft.de\/tierparklauf\/trailrun-beim-volvo-tierparklauf-2023\/#primaryimage","url":"https:\/\/berlin-laeuft.de\/tierparklauf\/wp-content\/uploads\/sites\/3\/microsoftteams-image-3.jpg","contentUrl":"https:\/\/berlin-laeuft.de\/tierparklauf\/wp-content\/uploads\/sites\/3\/microsoftteams-image-3.jpg","width":1200,"height":800},{"@type":"BreadcrumbList","@id":"https:\/\/berlin-laeuft.de\/tierparklauf\/trailrun-beim-volvo-tierparklauf-2023\/#breadcrumb","itemListElement":[{"@type":"ListItem","position":1,"name":"Startseite","item":"https:\/\/berlin-laeuft.de\/tierparklauf\/"},{"@type":"ListItem","position":2,"name":"TRAILRUN beim VOLVO Tierparklauf 2023"}]},{"@type":"WebSite","@id":"https:\/\/berlin-laeuft.de\/tierparklauf\/#website","url":"https:\/\/berlin-laeuft.de\/tierparklauf\/","name":"Volvo Tierparklauf","description":"","publisher":{"@id":"https:\/\/berlin-laeuft.de\/tierparklauf\/#organization"},"potentialAction":[{"@type":"SearchAction","target":{"@type":"EntryPoint","urlTemplate":"https:\/\/berlin-laeuft.de\/tierparklauf\/?s={search_term_string}"},"query-input":{"@type":"PropertyValueSpecification","valueRequired":true,"valueName":"search_term_string"}}],"inLanguage":"de"},{"@type":"Organization","@id":"https:\/\/berlin-laeuft.de\/tierparklauf\/#organization","name":"Volvo Tierparklauf","url":"https:\/\/berlin-laeuft.de\/tierparklauf\/","logo":{"@type":"ImageObject","inLanguage":"de","@id":"https:\/\/berlin-laeuft.de\/tierparklauf\/#\/schema\/logo\/image\/","url":"https:\/\/berlin-laeuft.de\/tierparklauf\/wp-content\/uploads\/sites\/3\/tierparklauf-logo.png","contentUrl":"https:\/\/berlin-laeuft.de\/tierparklauf\/wp-content\/uploads\/sites\/3\/tierparklauf-logo.png","width":500,"height":200,"caption":"Volvo Tierparklauf"},"image":{"@id":"https:\/\/berlin-laeuft.de\/tierparklauf\/#\/schema\/logo\/image\/"},"sameAs":["https:\/\/www.facebook.com\/Berlinlaeuft\/"]},{"@type":"Person","@id":"https:\/\/berlin-laeuft.de\/tierparklauf\/#\/schema\/person\/29e76284ed42f6b62e5aefa3023a4fee","name":"redaktion","url":"https:\/\/berlin-laeuft.de\/tierparklauf\/author\/redaktion\/"}]}},"_links":{"self":[{"href":"https:\/\/berlin-laeuft.de\/tierparklauf\/wp-json\/wp\/v2\/posts\/544","targetHints":{"allow":["GET"]}}],"collection":[{"href":"https:\/\/berlin-laeuft.de\/tierparklauf\/wp-json\/wp\/v2\/posts"}],"about":[{"href":"https:\/\/berlin-laeuft.de\/tierparklauf\/wp-json\/wp\/v2\/types\/post"}],"author":[{"embeddable":true,"href":"https:\/\/berlin-laeuft.de\/tierparklauf\/wp-json\/wp\/v2\/users\/3"}],"replies":[{"embeddable":true,"href":"https:\/\/berlin-laeuft.de\/tierparklauf\/wp-json\/wp\/v2\/comments?post=544"}],"version-history":[{"count":0,"href":"https:\/\/berlin-laeuft.de\/tierparklauf\/wp-json\/wp\/v2\/posts\/544\/revisions"}],"wp:featuredmedia":[{"embeddable":true,"href":"https:\/\/berlin-laeuft.de\/tierparklauf\/wp-json\/wp\/v2\/media\/545"}],"wp:attachment":[{"href":"https:\/\/berlin-laeuft.de\/tierparklauf\/wp-json\/wp\/v2\/media?parent=544"}],"wp:term":[{"taxonomy":"category","embeddable":true,"href":"https:\/\/berlin-laeuft.de\/tierparklauf\/wp-json\/wp\/v2\/categories?post=544"},{"taxonomy":"post_tag","embeddable":true,"href":"https:\/\/berlin-laeuft.de\/tierparklauf\/wp-json\/wp\/v2\/tags?post=544"}],"curies":[{"name":"wp","href":"https:\/\/api.w.org\/{rel}","templated":true}]}}